{"id":8039,"date":"2023-05-29T09:16:08","date_gmt":"2023-05-29T07:16:08","guid":{"rendered":"https:\/\/www.polandtastesgood.pl\/?p=8039"},"modified":"2023-10-25T07:15:55","modified_gmt":"2023-10-25T05:15:55","slug":"polskie-stoisko-narodowe-na-targach-thaifex-anuga-asia-2023","status":"publish","type":"post","link":"https:\/\/www.polandtastesgood.pl\/pl\/aktualnosci\/polskie-stoisko-narodowe-na-targach-thaifex-anuga-asia-2023\/","title":{"rendered":"Polskie stoisko narodowe na targach Thaifex Anuga Asia 2023"},"content":{"rendered":"<p>Krajowy O\u015brodek Wsparcia Rolnictwa, zgodnie ze strategi\u0105 okre\u015blon\u0105 przez Ministerstwo Rolnictwa i Rozwoju Wsi, w ramach realizacji dzia\u0142a\u0144 promuj\u0105cych polskie artyku\u0142y rolno-spo\u017cywcze na rynkach zagranicznych, ju\u017c po raz kolejny zorganizowa\u0142 polskie stoisko narodowe na targach Thaifex Anuga Asia, kt\u00f3re odby\u0142y si\u0119 w dniach 23-27 maja 2023 r. w Bangkoku w Tajlandii.<\/p>\n<p>Targi Thaifex Anuga Asia nale\u017c\u0105 do najwi\u0119kszych i najwa\u017cniejszych targ\u00f3w spo\u017cywczych w Azji. W 2022 roku w powy\u017cszym wydarzeniu wzi\u0119\u0142o udzia\u0142 ponad 1 600 wystawc\u00f3w z 35 kraj\u00f3w, a liczba odwiedzaj\u0105cych targi przekroczy\u0142a 50 tys. os\u00f3b.<br \/>\nNa polskim stoisku narodowym ofert\u0119 eksportow\u0105 zaprezentowa\u0142y firmy reprezentuj\u0105ce nast\u0119puj\u0105ce bran\u017ce: produkty mi\u0119sne, s\u0142odycze, jab\u0142ka, owoce i warzywa mro\u017cone, owoce liofilizowane, posypki i dra\u017ce, rzemie\u015blnicze piwa, soki, koktajle owocowe oraz \u017cywno\u015b\u0107 ekologiczna.<\/p>\n<p>Na stoisku odbywa\u0142y si\u0119 r\u00f3wnie\u017c pokazy kulinarne, podczas kt\u00f3rych zwiedzaj\u0105cy targi mogli spr\u00f3bowa\u0107 tradycyjnych i regionalnych polskich da\u0144, serwowanych przez polskich szef\u00f3w kuchni.Polskie stoisko narodowe otworzy\u0142 Waldemar Dubaniowski &#8211; Ambasador Nadzwyczajny i Pe\u0142nomocny RP w Kr\u00f3lestwie Tajlandii.<\/p>\n<p>Polskie produkty cieszy\u0142y si\u0119 du\u017cym zainteresowaniem odwiedzaj\u0105cych targi, a przedsi\u0119biorcy przeprowadzili wiele rozm\u00f3w z potencjalnymi partnerami biznesowymi.<\/p>\n","protected":false},"excerpt":{"rendered":"<p>Krajowy O\u015brodek Wsparcia Rolnictwa, zgodnie ze strategi\u0105 okre\u015blon\u0105 przez Ministerstwo Rolnictwa i Rozwoju Wsi, w ramach realizacji dzia\u0142a\u0144 promuj\u0105cych polskie artyku\u0142y rolno-spo\u017cywcze na rynkach zagranicznych, ju\u017c po raz kolejny zorganizowa\u0142&#8230;<\/p>\n","protected":false},"author":7,"featured_media":8011,"comment_status":"open","ping_status":"open","sticky":false,"template":"","format":"standard","meta":{"_acf_changed":false,"footnotes":""},"categories":[35],"tags":[],"acf":[],"_links":{"self":[{"href":"https:\/\/www.polandtastesgood.pl\/pl\/wp-json\/wp\/v2\/posts\/8039"}],"collection":[{"href":"https:\/\/www.polandtastesgood.pl\/pl\/wp-json\/wp\/v2\/posts"}],"about":[{"href":"https:\/\/www.polandtastesgood.pl\/pl\/wp-json\/wp\/v2\/types\/post"}],"author":[{"embeddable":true,"href":"https:\/\/www.polandtastesgood.pl\/pl\/wp-json\/wp\/v2\/users\/7"}],"replies":[{"embeddable":true,"href":"https:\/\/www.polandtastesgood.pl\/pl\/wp-json\/wp\/v2\/comments?post=8039"}],"version-history":[{"count":4,"href":"https:\/\/www.polandtastesgood.pl\/pl\/wp-json\/wp\/v2\/posts\/8039\/revisions"}],"predecessor-version":[{"id":8043,"href":"https:\/\/www.polandtastesgood.pl\/pl\/wp-json\/wp\/v2\/posts\/8039\/revisions\/8043"}],"wp:featuredmedia":[{"embeddable":true,"href":"https:\/\/www.polandtastesgood.pl\/pl\/wp-json\/wp\/v2\/media\/8011"}],"wp:attachment":[{"href":"https:\/\/www.polandtastesgood.pl\/pl\/wp-json\/wp\/v2\/media?parent=8039"}],"wp:term":[{"taxonomy":"category","embeddable":true,"href":"https:\/\/www.polandtastesgood.pl\/pl\/wp-json\/wp\/v2\/categories?post=8039"},{"taxonomy":"post_tag","embeddable":true,"href":"https:\/\/www.polandtastesgood.pl\/pl\/wp-json\/wp\/v2\/tags?post=8039"}],"curies":[{"name":"wp","href":"https:\/\/api.w.org\/{rel}","templated":true}]}}