{"id":5544,"date":"2023-02-16T12:55:31","date_gmt":"2023-02-16T11:55:31","guid":{"rendered":"https:\/\/www.polandtastesgood.pl\/?p=5544"},"modified":"2023-02-16T13:21:53","modified_gmt":"2023-02-16T12:21:53","slug":"zaproszenie-do-skladania-przez-beneficjentow-propozycji-programow-promocyjnych","status":"publish","type":"post","link":"https:\/\/www.polandtastesgood.pl\/pl\/aktualnosci\/zaproszenie-do-skladania-przez-beneficjentow-propozycji-programow-promocyjnych\/","title":{"rendered":"Zaproszenie do sk\u0142adania przez beneficjent\u00f3w propozycji program\u00f3w promocyjnych"},"content":{"rendered":"<p>W dniu 19 stycznia 2023 roku, w ramach unijnej polityki promocyjnej, Komisja Europejska zamie\u015bci\u0142a na swojej stronie internetowej \u00f3sme ju\u017c zaproszenie do sk\u0142adania przez beneficjent\u00f3w propozycji program\u00f3w promocyjnych.<\/p>\n<p>Na wsp\u00f3\u0142finansowanie program\u00f3w w 2023 r. KE przyzna\u0142a \u0142\u0105cznie kwot\u0119 185,9 mln EUR, z czego a\u017c <u>176,4 mln EUR<\/u> przeznaczone jest na wsp\u00f3\u0142finansowanie program\u00f3w promocyjnych, kt\u00f3re zostan\u0105 wybrane spo\u015br\u00f3d z\u0142o\u017conych w 2023 roku propozycji.<\/p>\n<p>Ostateczny termin sk\u0142adania wniosk\u00f3w up\u0142ywa w dniu <strong>20 kwietnia 2023 r., o godzinie 17.00<\/strong>. Wnioski mo\u017cna sk\u0142ada\u0107\u00a0<u>jedynie\u00a0za po\u015brednictwem <\/u><a href=\"https:\/\/ec.europa.eu\/info\/funding-tenders\/opportunities\/portal\/screen\/opportunities\/topic-search;callCode=null;freeTextSearchKeyword=promotion;matchWholeText=true;typeCodes=0,1,2,8;statusCodes=31094501,31094502;programmePeriod=2021%20-%202027;programCcm2Id=43298664;programDivisionCode=null;focusAreaCode=null;destinationGroup=null;missionGroup=null;geographicalZonesCode=null;programmeDivisionProspect=null;startDateLte=null;startDateGte=null;crossCuttingPriorityCode=null;cpvCode=null;performanceOfDelivery=null;sortQuery=sortStatus;orderBy=asc;onlyTenders=false;topicListKey=topicSearchTablePageState\" rel=\"nofollow noopener\" target=\"_blank\">specjalnego portalu<\/a>, pocz\u0105wszy od dnia 2 lutego 2023 r.<\/p>\n<p>Zaproszenia na programy promocyjne zosta\u0142y zamieszczone na portalu <a href=\"https:\/\/ec.europa.eu\/info\/funding-tenders\/opportunities\/portal\/screen\/opportunities\/topic-search;callCode=null;freeTextSearchKeyword=promotion;matchWholeText=true;typeCodes=0,1,2,8;statusCodes=31094501,31094502;programmePeriod=2021%20-%202027;programCcm2Id=43298664;programDivisionCode=null;focusAreaCode=null;destinationGroup=null;missionGroup=null;geographicalZonesCode=null;programmeDivisionProspect=null;startDateLte=null;startDateGte=null;crossCuttingPriorityCode=null;cpvCode=null;performanceOfDelivery=null;sortQuery=sortStatus;orderBy=asc;onlyTenders=false;topicListKey=topicSearchTablePageState\" rel=\"nofollow noopener\" target=\"_blank\">Search Funding &amp; Tenders (ec.europa.eu).<\/a><\/p>\n<p><strong>Wi\u0119cej informacji <a href=\"https:\/\/www.kowr.gov.pl\/promocja\/wsparcie-dzialan-promocyjnych\/wsparcie-dzialan-promocyjnych\/kolejne-zaproszenie-ke-do-skladania-propozycji-programow-promocyjnych-w-ramach-unijnej-polityki-promocyjnej\" rel=\"nofollow noopener\" target=\"_blank\">na stronie internetowej Krajowego O\u015brodka Wsparcia Rolnictwa<\/a>.<\/strong><\/p>\n","protected":false},"excerpt":{"rendered":"<p>W dniu 19 stycznia 2023 roku, w ramach unijnej polityki promocyjnej, Komisja Europejska zamie\u015bci\u0142a na swojej stronie internetowej \u00f3sme ju\u017c zaproszenie do sk\u0142adania przez beneficjent\u00f3w propozycji program\u00f3w promocyjnych. Na wsp\u00f3\u0142finansowanie&#8230;<\/p>\n","protected":false},"author":9,"featured_media":5553,"comment_status":"open","ping_status":"open","sticky":false,"template":"","format":"standard","meta":{"_acf_changed":false,"footnotes":""},"categories":[35],"tags":[],"acf":[],"_links":{"self":[{"href":"https:\/\/www.polandtastesgood.pl\/pl\/wp-json\/wp\/v2\/posts\/5544"}],"collection":[{"href":"https:\/\/www.polandtastesgood.pl\/pl\/wp-json\/wp\/v2\/posts"}],"about":[{"href":"https:\/\/www.polandtastesgood.pl\/pl\/wp-json\/wp\/v2\/types\/post"}],"author":[{"embeddable":true,"href":"https:\/\/www.polandtastesgood.pl\/pl\/wp-json\/wp\/v2\/users\/9"}],"replies":[{"embeddable":true,"href":"https:\/\/www.polandtastesgood.pl\/pl\/wp-json\/wp\/v2\/comments?post=5544"}],"version-history":[{"count":4,"href":"https:\/\/www.polandtastesgood.pl\/pl\/wp-json\/wp\/v2\/posts\/5544\/revisions"}],"predecessor-version":[{"id":5562,"href":"https:\/\/www.polandtastesgood.pl\/pl\/wp-json\/wp\/v2\/posts\/5544\/revisions\/5562"}],"wp:featuredmedia":[{"embeddable":true,"href":"https:\/\/www.polandtastesgood.pl\/pl\/wp-json\/wp\/v2\/media\/5553"}],"wp:attachment":[{"href":"https:\/\/www.polandtastesgood.pl\/pl\/wp-json\/wp\/v2\/media?parent=5544"}],"wp:term":[{"taxonomy":"category","embeddable":true,"href":"https:\/\/www.polandtastesgood.pl\/pl\/wp-json\/wp\/v2\/categories?post=5544"},{"taxonomy":"post_tag","embeddable":true,"href":"https:\/\/www.polandtastesgood.pl\/pl\/wp-json\/wp\/v2\/tags?post=5544"}],"curies":[{"name":"wp","href":"https:\/\/api.w.org\/{rel}","templated":true}]}}