{"id":5009,"date":"2022-11-25T16:55:54","date_gmt":"2022-11-25T15:55:54","guid":{"rendered":"https:\/\/www.polandtastesgood.pl\/?p=5009"},"modified":"2022-11-25T16:55:54","modified_gmt":"2022-11-25T15:55:54","slug":"polskie-stoisko-narodowe-na-targach-israfood-2022-w-tel-awiwie-w-izraelu","status":"publish","type":"post","link":"https:\/\/www.polandtastesgood.pl\/pl\/aktualnosci\/polskie-stoisko-narodowe-na-targach-israfood-2022-w-tel-awiwie-w-izraelu\/","title":{"rendered":"Polskie stoisko narodowe na targach ISRAFOOD 2022 w Tel Awiwie w Izraelu"},"content":{"rendered":"<p class=\"intro_text\">W dniach 22-24 listopada 2022 r. odby\u0142a si\u0119 38 edycja targ\u00f3w Israfood w Tel Awiwie. W ramach realizacji dzia\u0142a\u0144 promuj\u0105cych polskie artyku\u0142y rolno-spo\u017cywcze na rynkach zagranicznych, zgodnie ze strategi\u0105 okre\u015blon\u0105 przez Ministerstwo Rolnictwa i Rozwoju Wsi, KOWR po raz drugi zorganizowa\u0142 na tych targach stoisko narodowe pod has\u0142em \u201ePoland tastes good\u201d.<\/p>\n<p>Mi\u0119dzynarodowe Targi Bran\u017cy Spo\u017cywczej i Napoj\u00f3w ISRAFOOD s\u0105 najwa\u017cniejszym wydarzeniem handlowym bran\u017cy spo\u017cywczej w Izraelu. Stanowi\u0105 platform\u0119 spotka\u0144 i nawi\u0105zywania kontakt\u00f3w pomi\u0119dzy producentami, importerami, dystrybutorami oraz przedstawicielami sieci handlowych. Bior\u0105 w nich udzia\u0142 producenci i dystrybutorzy produkt\u00f3w \u017cywno\u015bciowych i napoj\u00f3w zar\u00f3wno z Izraela, jak i innych kraj\u00f3w \u015bwiata.<\/p>\n<p>Na polskim stoisku narodowym o powierzchni 60 m<sup>2<\/sup> swoj\u0105 ofert\u0119 prezentowa\u0142o 10 polskich firm, promuj\u0105c m.in.: miody, jab\u0142ka, mro\u017cone owoce, przetwory owocowo-warzywne, napoje bezalkoholowe, wafle ry\u017cowe, p\u0142atki \u015bniadaniowe, produkty instant oraz zdrowe przek\u0105ski zbo\u017cowe i mieszanki do wypieku chleba. Prezentowane produkty spotka\u0142y si\u0119 z du\u017cym zainteresowaniem odwiedzaj\u0105cych targi. Ponadto odwiedzaj\u0105cy stoisko importerzy i dystrybutorzy kierowali do pracownik\u00f3w KOWR liczne pytania o mo\u017cliwo\u015b\u0107 poznania oferty eksportowej firm z bran\u017cy mleczarskiej (sery), s\u0142odyczy (czekolady), przetwor\u00f3w owocowych (puree\/mus z jab\u0142ek), bor\u00f3wek, gotowych produkt\u00f3w mro\u017conych, makaron\u00f3w oraz olej\u00f3w.<\/p>\n<p>Pierwszego dnia targ\u00f3w polskie stoisko narodowe odwiedzi\u0142a Pani Agata Czapli\u0144ska &#8211; charg\u00e9 d\u2019affaires Ambasady RP w Izraelu, Pani Maria Jurek \u2013 III Sekretarz Ambasady RP w Izraelu i Referat ds. Polityczno-Ekonomicznych oraz Pan Mateusz Kamer reprezentuj\u0105cy Zagraniczne Biuro Handlowe PAIH w Tel Awiwie (ZBH), kt\u00f3ry by\u0142 obecny na stoisku KOWR podczas wszystkich dni targowych.<\/p>\n<p>Polskiemu wyst\u0105pieniu na targach towarzyszy\u0142a misja handlowa zorganizowana przez KOWR we wsp\u00f3\u0142pracy z ZBH w Tel Awiwie w dniu 21 listopada. W ramach misji zorganizowane zosta\u0142y wizyty w najwi\u0119kszych izraelskich sieciach handlowych Shufersal i Rami Levy. Przedstawiciele polskich firm mieli mo\u017cliwo\u015b\u0107 poznania aktualnego asortymentu produkt\u00f3w oraz cen na rynku izraelskim. Dodatkowo przedstawiciele sieci handlowych wzi\u0119li udzia\u0142 w rozmowach B2B zorganizowanych w kolejnych dniach na stoisku KOWR.<\/p>\n<p>Rynek izraelski jest rynkiem atrakcyjnym i perspektywicznym dla polskich firm z bran\u017cy spo\u017cywczej. Od kilku lat obserwowany jest systematyczny wzrost warto\u015bci eksportu polskich produkt\u00f3w, co znalaz\u0142o odzwierciedlenie w du\u017cym zainteresowaniu zwiedzaj\u0105cych polskimi produktami.<\/p>\n","protected":false},"excerpt":{"rendered":"<p>W dniach 22-24 listopada 2022 r. odby\u0142a si\u0119 38 edycja targ\u00f3w Israfood w Tel Awiwie. W ramach realizacji dzia\u0142a\u0144 promuj\u0105cych polskie artyku\u0142y rolno-spo\u017cywcze na rynkach zagranicznych, zgodnie ze strategi\u0105 okre\u015blon\u0105&#8230;<\/p>\n","protected":false},"author":9,"featured_media":5010,"comment_status":"open","ping_status":"open","sticky":false,"template":"","format":"standard","meta":{"_acf_changed":false,"footnotes":""},"categories":[35],"tags":[],"acf":[],"_links":{"self":[{"href":"https:\/\/www.polandtastesgood.pl\/pl\/wp-json\/wp\/v2\/posts\/5009"}],"collection":[{"href":"https:\/\/www.polandtastesgood.pl\/pl\/wp-json\/wp\/v2\/posts"}],"about":[{"href":"https:\/\/www.polandtastesgood.pl\/pl\/wp-json\/wp\/v2\/types\/post"}],"author":[{"embeddable":true,"href":"https:\/\/www.polandtastesgood.pl\/pl\/wp-json\/wp\/v2\/users\/9"}],"replies":[{"embeddable":true,"href":"https:\/\/www.polandtastesgood.pl\/pl\/wp-json\/wp\/v2\/comments?post=5009"}],"version-history":[{"count":2,"href":"https:\/\/www.polandtastesgood.pl\/pl\/wp-json\/wp\/v2\/posts\/5009\/revisions"}],"predecessor-version":[{"id":5144,"href":"https:\/\/www.polandtastesgood.pl\/pl\/wp-json\/wp\/v2\/posts\/5009\/revisions\/5144"}],"wp:featuredmedia":[{"embeddable":true,"href":"https:\/\/www.polandtastesgood.pl\/pl\/wp-json\/wp\/v2\/media\/5010"}],"wp:attachment":[{"href":"https:\/\/www.polandtastesgood.pl\/pl\/wp-json\/wp\/v2\/media?parent=5009"}],"wp:term":[{"taxonomy":"category","embeddable":true,"href":"https:\/\/www.polandtastesgood.pl\/pl\/wp-json\/wp\/v2\/categories?post=5009"},{"taxonomy":"post_tag","embeddable":true,"href":"https:\/\/www.polandtastesgood.pl\/pl\/wp-json\/wp\/v2\/tags?post=5009"}],"curies":[{"name":"wp","href":"https:\/\/api.w.org\/{rel}","templated":true}]}}