{"id":4689,"date":"2022-09-22T13:42:47","date_gmt":"2022-09-22T11:42:47","guid":{"rendered":"https:\/\/www.polandtastesgood.pl\/?p=4689"},"modified":"2022-09-22T13:46:54","modified_gmt":"2022-09-22T11:46:54","slug":"polskie-stoisko-narodowe-na-targach-annapoorna-anufood-india-2022","status":"publish","type":"post","link":"https:\/\/www.polandtastesgood.pl\/pl\/aktualnosci\/polskie-stoisko-narodowe-na-targach-annapoorna-anufood-india-2022\/","title":{"rendered":"Polskie stoisko narodowe na targach Annapoorna Anufood India 2022"},"content":{"rendered":"<p>Krajowy O\u015brodek Wsparcia Rolnictwa, zgodnie ze strategi\u0105 okre\u015blon\u0105 przez Ministerstwo Rolnictwa i Rozwoju Wsi, w ramach realizacji dzia\u0142a\u0144 promuj\u0105cych polskie artyku\u0142y rolno-spo\u017cywcze na rynkach zagranicznych, po raz kolejny uczestniczy\u0142 w odbywaj\u0105cych si\u0119 od 14 do 16 wrze\u015bnia 2022 r. w Mumbaju w Indiach targach Annapoorna Anufood India 2022, jednych z najwi\u0119kszych targ\u00f3w spo\u017cywczych w tym kraju.<\/p>\n<p>Na zorganizowanym przez KOWR pod has\u0142em \u201ePoland Tastes Good\u201d polskim stoisku narodowym o \u0142\u0105cznej powierzchni 90 m2 ofert\u0119 produktow\u0105 prezentowa\u0142o 6 polskich firm oferuj\u0105cych m.in.: produkty bezglutenowe, s\u0142odycze, mleko w proszku, ziarna piekarnicze i cukiernicze, mi\u0119so drobiowe i owoce. Ekspozycja polskich produkt\u00f3w cieszy\u0142a si\u0119 du\u017cym zainteresowaniem odwiedzaj\u0105cych.<\/p>\n<p>Otwarcia polskiego stoiska narodowego dokonali: Pan Jaros\u0142aw Groberek &#8211; Charg\u00e9 d\u2019affaires a.i., Pan Damian Irzyk &#8211; Konsul Generalny RP w Mumbaju oraz Pan Tomasz Janczak &#8211; przedstawiciel MRiRW w Ambasadzie RP w Nowym Delhi.<\/p>\n<p>Atrakcyjno\u015b\u0107 polskiego stoiska i polskiej oferty produkt\u00f3w rolno-spo\u017cywczych zwi\u0119ksza\u0142y zorganizowane przez KOWR degustacje i pokazy kulinarne na \u017cywo przygotowywane ka\u017cdego dnia targ\u00f3w przez kucharzy z Polski.<\/p>\n<p>Stoisko KOWR zorganizowano z dofinansowaniem w ramach programu \u201ePromocja gospodarki w oparciu o polskie marki produktowe \u2013 Marka Polskiej Gospodarki \u2013 Brand poddzia\u0142anie 3.3.2 Programu Operacyjnego Inteligentny Rozw\u00f3j 2014-2020\u201d <\/p>\n","protected":false},"excerpt":{"rendered":"<p>Krajowy O\u015brodek Wsparcia Rolnictwa, zgodnie ze strategi\u0105 okre\u015blon\u0105 przez Ministerstwo Rolnictwa i Rozwoju Wsi, w ramach realizacji dzia\u0142a\u0144 promuj\u0105cych polskie artyku\u0142y rolno-spo\u017cywcze na rynkach zagranicznych, po raz kolejny uczestniczy\u0142 w&#8230;<\/p>\n","protected":false},"author":9,"featured_media":4711,"comment_status":"open","ping_status":"open","sticky":false,"template":"","format":"standard","meta":{"_acf_changed":false,"footnotes":""},"categories":[35],"tags":[],"acf":[],"_links":{"self":[{"href":"https:\/\/www.polandtastesgood.pl\/pl\/wp-json\/wp\/v2\/posts\/4689"}],"collection":[{"href":"https:\/\/www.polandtastesgood.pl\/pl\/wp-json\/wp\/v2\/posts"}],"about":[{"href":"https:\/\/www.polandtastesgood.pl\/pl\/wp-json\/wp\/v2\/types\/post"}],"author":[{"embeddable":true,"href":"https:\/\/www.polandtastesgood.pl\/pl\/wp-json\/wp\/v2\/users\/9"}],"replies":[{"embeddable":true,"href":"https:\/\/www.polandtastesgood.pl\/pl\/wp-json\/wp\/v2\/comments?post=4689"}],"version-history":[{"count":2,"href":"https:\/\/www.polandtastesgood.pl\/pl\/wp-json\/wp\/v2\/posts\/4689\/revisions"}],"predecessor-version":[{"id":4726,"href":"https:\/\/www.polandtastesgood.pl\/pl\/wp-json\/wp\/v2\/posts\/4689\/revisions\/4726"}],"wp:featuredmedia":[{"embeddable":true,"href":"https:\/\/www.polandtastesgood.pl\/pl\/wp-json\/wp\/v2\/media\/4711"}],"wp:attachment":[{"href":"https:\/\/www.polandtastesgood.pl\/pl\/wp-json\/wp\/v2\/media?parent=4689"}],"wp:term":[{"taxonomy":"category","embeddable":true,"href":"https:\/\/www.polandtastesgood.pl\/pl\/wp-json\/wp\/v2\/categories?post=4689"},{"taxonomy":"post_tag","embeddable":true,"href":"https:\/\/www.polandtastesgood.pl\/pl\/wp-json\/wp\/v2\/tags?post=4689"}],"curies":[{"name":"wp","href":"https:\/\/api.w.org\/{rel}","templated":true}]}}