{"id":4026,"date":"2022-05-17T14:52:19","date_gmt":"2022-05-17T12:52:19","guid":{"rendered":"https:\/\/www.polandtastesgood.pl\/?p=4026"},"modified":"2023-09-28T16:33:24","modified_gmt":"2023-09-28T14:33:24","slug":"polskie-stoisko-narodowe-na-targach-freskon-2022","status":"publish","type":"post","link":"https:\/\/www.polandtastesgood.pl\/pl\/aktualnosci\/polskie-stoisko-narodowe-na-targach-freskon-2022\/","title":{"rendered":"Polskie stoisko narodowe na targach FRESKON 2022"},"content":{"rendered":"<p>W dniach 12-14 maja 2022 r. Krajowy O\u015brodek Wsparcia Rolnictwa z sukcesem wzi\u0105\u0142 udzia\u0142 w VI edycji Mi\u0119dzynarodowych Targ\u00f3w Owoc\u00f3w i Warzyw FRESKON w Salonikach w Grecji. Zorganizowane po raz pierwszy na tych targach stoisko informacyjne o powierzchni 16 m2 powsta\u0142o w ramach wsp\u00f3\u0142pracy Ambasady RP w Atenach, Ministerstwa Rolnictwa i Rozwoju Wsi oraz KOWR. Polski pawilon zlokalizowany by\u0142 bezpo\u015brednio obok stoiska Grecko-Polskiej Izby Inwestycji i Handlu, z kt\u00f3rego korzysta\u0142o tak\u017ce Zagraniczne Biuro Handlowe PAIH w Atenach.<\/p>\n<p>Polski pawilon zosta\u0142 dostrze\u017cony i by\u0142 ch\u0119tnie odwiedzany zar\u00f3wno przez polityk\u00f3w, jaki i przedstawicieli \u015bwiata gospodarki. Polskie stoisko go\u015bci\u0142o m.in.: ministra rolnictwa i \u017cywno\u015bci Pana Georgiosa Georgantasa i wiceministra spraw wewn\u0119trznych ds. Macedonii i Tracji Pana Stavrosa Kalafatisa. Obecny na targach Ambasador RP w Atenach Pan Artur Lompart wzi\u0105\u0142 udzia\u0142 w Mi\u0119dzynarodowym Kongresie Sadowniczym, kt\u00f3ry towarzyszy\u0142 targom FRESKON, a nast\u0119pnie w pawilonie polskim przeprowadzi\u0142 rozmowy z wystawcami i przedstawicielami biznesu.<\/p>\n<p>Targi FRESKON zaliczane s\u0105 do najwi\u0119kszych tego typu wydarze\u0144 w regionie Ba\u0142kan\u00f3w i Europy Po\u0142udniowo-Wschodniej. Tematem przewodnim tegorocznej edycji wydarzenia by\u0142o jab\u0142ko, przez co g\u0142\u00f3wnym celem obecno\u015bci na targach FRESKON sta\u0142a si\u0119 promocja polskich jab\u0142ek na rynku greckim i zach\u0119cenie lokalnych importer\u00f3w i dystrybutor\u00f3w owoc\u00f3w do ich importu. Na polskim stoisku dost\u0119pne by\u0142y foldery i materia\u0142y promocyjne oraz \u015bwie\u017ce jab\u0142ka z regionu gr\u00f3jeckiego, dzi\u0119ki czemu odwiedzaj\u0105cy stoisko mogli je na miejscu spr\u00f3bowa\u0107.<\/p>\n<p>Polska obecno\u015b\u0107 na targach FRESKON zosta\u0142a wysoko oceniona przez organizator\u00f3w i zauwa\u017cona przez go\u015bci targ\u00f3w, a tak\u017ce przez miejscowe media. Polskie jab\u0142ka s\u0105 ju\u017c znane i cenione na greckim rynku, wci\u0105\u017c jednak istnieje potencja\u0142 rozwoju eksportu i wzrostu jego warto\u015bci.<\/p>\n","protected":false},"excerpt":{"rendered":"<p>W dniach 12-14 maja 2022 r. Krajowy O\u015brodek Wsparcia Rolnictwa z sukcesem wzi\u0105\u0142 udzia\u0142 w VI edycji Mi\u0119dzynarodowych Targ\u00f3w Owoc\u00f3w i Warzyw FRESKON w Salonikach w Grecji. Zorganizowane po raz&#8230;<\/p>\n","protected":false},"author":9,"featured_media":4041,"comment_status":"open","ping_status":"open","sticky":false,"template":"","format":"standard","meta":{"_acf_changed":false,"footnotes":""},"categories":[35],"tags":[],"acf":[],"_links":{"self":[{"href":"https:\/\/www.polandtastesgood.pl\/pl\/wp-json\/wp\/v2\/posts\/4026"}],"collection":[{"href":"https:\/\/www.polandtastesgood.pl\/pl\/wp-json\/wp\/v2\/posts"}],"about":[{"href":"https:\/\/www.polandtastesgood.pl\/pl\/wp-json\/wp\/v2\/types\/post"}],"author":[{"embeddable":true,"href":"https:\/\/www.polandtastesgood.pl\/pl\/wp-json\/wp\/v2\/users\/9"}],"replies":[{"embeddable":true,"href":"https:\/\/www.polandtastesgood.pl\/pl\/wp-json\/wp\/v2\/comments?post=4026"}],"version-history":[{"count":3,"href":"https:\/\/www.polandtastesgood.pl\/pl\/wp-json\/wp\/v2\/posts\/4026\/revisions"}],"predecessor-version":[{"id":8928,"href":"https:\/\/www.polandtastesgood.pl\/pl\/wp-json\/wp\/v2\/posts\/4026\/revisions\/8928"}],"wp:featuredmedia":[{"embeddable":true,"href":"https:\/\/www.polandtastesgood.pl\/pl\/wp-json\/wp\/v2\/media\/4041"}],"wp:attachment":[{"href":"https:\/\/www.polandtastesgood.pl\/pl\/wp-json\/wp\/v2\/media?parent=4026"}],"wp:term":[{"taxonomy":"category","embeddable":true,"href":"https:\/\/www.polandtastesgood.pl\/pl\/wp-json\/wp\/v2\/categories?post=4026"},{"taxonomy":"post_tag","embeddable":true,"href":"https:\/\/www.polandtastesgood.pl\/pl\/wp-json\/wp\/v2\/tags?post=4026"}],"curies":[{"name":"wp","href":"https:\/\/api.w.org\/{rel}","templated":true}]}}