{"id":3825,"date":"2022-03-16T10:56:59","date_gmt":"2022-03-16T09:56:59","guid":{"rendered":"https:\/\/www.polandtastesgood.pl\/?p=3825"},"modified":"2022-03-16T10:56:59","modified_gmt":"2022-03-16T09:56:59","slug":"polskie-stoisko-narodowe-na-targach-foodex-japan-2022","status":"publish","type":"post","link":"https:\/\/www.polandtastesgood.pl\/pl\/aktualnosci\/polskie-stoisko-narodowe-na-targach-foodex-japan-2022\/","title":{"rendered":"Polskie stoisko narodowe na targach Foodex Japan 2022"},"content":{"rendered":"<p>W\u00a0dniach 8 \u2013 11 marca 2022 r w\u00a0Tokio w\u00a0 Japonii odby\u0142a si\u0119 kolejna edycja targ\u00f3w Foodex Japan, jednych z najwi\u0119kszych mi\u0119dzynarodowych targ\u00f3w bran\u017cy spo\u017cywczej w tym kraju.<\/p>\n<p>Krajowy O\u015brodek Wsparcia Rolnictwa w\u00a0ramach zagranicznych dzia\u0142a\u0144 promocyjnych zaakceptowanych przez\u00a0Ministerstwo Rolnictwa i\u00a0Rozwoju Wsi po raz kolejny zorganizowa\u0142 polskie stoisko narodowe o powierzchni \u00a054 m<sup>2<\/sup> na tych targach. Ze wzgl\u0119du na obecn\u0105 sytuacj\u0119 epidemiczn\u0105 nie by\u0142o mo\u017cliwo\u015bci osobistej obecno\u015bci przedsi\u0119biorc\u00f3w na polskim stoisku. Mimo to odwiedzaj\u0105cy targi mogli zapozna\u0107 si\u0119 z ofert\u0105 produktow\u0105 9 polskich firm reprezentuj\u0105cych nast\u0119puj\u0105ce grupy produktowe: produkty bezglutenowe, s\u0142odycze, s\u0142odycze funkcjonalne, przetwory warzywne, granole, wafle ry\u017cowe, wafle kukurydziane, ciasteczka zbo\u017cowe, przyprawy w torebkach, s\u0142oiczkach, m\u0142ynkach i tubach, musztardy, sosy, owsianki, produkty mleczne\u00a0i serwatkowe w proszku, mas\u0142o, ser, produkty jajeczne oraz produkty z kategorii \u201ezdrowa \u017cywno\u015b\u0107\u201d.<\/p>\n<p>Podobnie jak w roku ubieg\u0142ym polskie stoisko obs\u0142ugiwane by\u0142o przez obecnych na miejscu przedstawicieli Ambasady RP oraz Zagranicznego Biura Handlowego PAIH w Tokio, kt\u00f3rzy prezentowali polski sektor rolno-spo\u017cywczy i udzielali informacji o polskiej ofercie produktowej.<\/p>\n<p>Polska oferta eksportowa cieszy\u0142a si\u0119 relatywnie du\u017cym zainteresowaniem a nawi\u0105zane kontakty pozostan\u0105 doskona\u0142\u0105 okazj\u0105 do dalszych rozm\u00f3w biznesowych.<\/p>\n","protected":false},"excerpt":{"rendered":"<p>W\u00a0dniach 8 \u2013 11 marca 2022 r w\u00a0Tokio w\u00a0 Japonii odby\u0142a si\u0119 kolejna edycja targ\u00f3w Foodex Japan, jednych z najwi\u0119kszych mi\u0119dzynarodowych targ\u00f3w bran\u017cy spo\u017cywczej w tym kraju. Krajowy O\u015brodek Wsparcia&#8230;<\/p>\n","protected":false},"author":10,"featured_media":3847,"comment_status":"open","ping_status":"open","sticky":false,"template":"","format":"standard","meta":{"_acf_changed":false,"footnotes":""},"categories":[35],"tags":[],"acf":[],"_links":{"self":[{"href":"https:\/\/www.polandtastesgood.pl\/pl\/wp-json\/wp\/v2\/posts\/3825"}],"collection":[{"href":"https:\/\/www.polandtastesgood.pl\/pl\/wp-json\/wp\/v2\/posts"}],"about":[{"href":"https:\/\/www.polandtastesgood.pl\/pl\/wp-json\/wp\/v2\/types\/post"}],"author":[{"embeddable":true,"href":"https:\/\/www.polandtastesgood.pl\/pl\/wp-json\/wp\/v2\/users\/10"}],"replies":[{"embeddable":true,"href":"https:\/\/www.polandtastesgood.pl\/pl\/wp-json\/wp\/v2\/comments?post=3825"}],"version-history":[{"count":1,"href":"https:\/\/www.polandtastesgood.pl\/pl\/wp-json\/wp\/v2\/posts\/3825\/revisions"}],"predecessor-version":[{"id":3868,"href":"https:\/\/www.polandtastesgood.pl\/pl\/wp-json\/wp\/v2\/posts\/3825\/revisions\/3868"}],"wp:featuredmedia":[{"embeddable":true,"href":"https:\/\/www.polandtastesgood.pl\/pl\/wp-json\/wp\/v2\/media\/3847"}],"wp:attachment":[{"href":"https:\/\/www.polandtastesgood.pl\/pl\/wp-json\/wp\/v2\/media?parent=3825"}],"wp:term":[{"taxonomy":"category","embeddable":true,"href":"https:\/\/www.polandtastesgood.pl\/pl\/wp-json\/wp\/v2\/categories?post=3825"},{"taxonomy":"post_tag","embeddable":true,"href":"https:\/\/www.polandtastesgood.pl\/pl\/wp-json\/wp\/v2\/tags?post=3825"}],"curies":[{"name":"wp","href":"https:\/\/api.w.org\/{rel}","templated":true}]}}