{"id":3695,"date":"2022-02-18T10:33:04","date_gmt":"2022-02-18T09:33:04","guid":{"rendered":"https:\/\/www.polandtastesgood.pl\/?p=3695"},"modified":"2022-02-28T17:27:06","modified_gmt":"2022-02-28T16:27:06","slug":"polskie-stoisko-narodowe-na-targach-gulfood-2022","status":"publish","type":"post","link":"https:\/\/www.polandtastesgood.pl\/pl\/aktualnosci\/polskie-stoisko-narodowe-na-targach-gulfood-2022\/","title":{"rendered":"Polskie stoisko narodowe na targach Gulfood 2022"},"content":{"rendered":"<p class=\"intro_text\">W dniach 13-17 lutego 2022 r., w Dubaju w Zjednoczonych Emiratach Arabskich, mia\u0142a miejsce 27 edycja mi\u0119dzynarodowych targ\u00f3w Gulfood, jednych z najwi\u0119kszych i najwa\u017cniejszych wydarze\u0144 bran\u017cy spo\u017cywczej na Bliskim Wschodzie.<\/p>\n<p>Krajowy O\u015brodek Wsparcia Rolnictwa, zgodnie ze strategi\u0105 okre\u015blon\u0105 przez Ministerstwo Rolnictwa i Rozwoju Wsi, w ramach realizacji dzia\u0142a\u0144 promuj\u0105cych polskie artyku\u0142y rolno-spo\u017cywcze na rynkach zagranicznych, po raz sz\u00f3sty zorganizowa\u0142 na targach Gulfood polskie stoisko narodowe pod has\u0142em <em>\u201ePoland tastes good\u201d.<\/em> Uroczystego otwarcia stoiska dokonali: Pan Adrian Gaw\u0142owski \u2013 Zast\u0119pca Dyrektora Departamentu Wsparcia Eksportu KOWR, Pani Katarzyna Rze\u017aniczek \u2013 I Radca ds. rolnych Ambasady RP w Abu Zabi, a tak\u017ce obecni na targach: Pani Beata Mazurek \u2013 Pos\u0142anka do Parlamentu Europejskiego oraz przedstawiciele w\u0142adz wojew\u00f3dztwa lubelskiego.<\/p>\n<p>Polskie stoisko narodowe zlokalizowane by\u0142o w trzech halach bran\u017cowych: og\u00f3lnospo\u017cywczej <em>World Food<\/em> (Sheik Saeed Hall nr 1), gdzie znajdowa\u0142o si\u0119 g\u0142\u00f3wne stoisko KOWR, a tak\u017ce w hali z produktami mlecznymi (Al Mulaqua Hall nr 2) oraz w hali napoj\u00f3w (Za\u2019abeel\u00a0 Hall nr 2). Na stoisku w hali g\u0142\u00f3wnej swoje produkty prezentowa\u0142o 15 firm polskiej bran\u017cy spo\u017cywczej, w hali \u201emlecznej\u201d 7 wystawc\u00f3w, natomiast w hali dedykowanej napojom zorganizowane zosta\u0142o stoisko z produktami 5 polskich firm. Podczas polskiego wyst\u0105pienia na targach Gulfood promowane by\u0142y: s\u0142odycze, miody, orzechy laskowe, kawior, \u00a0produkty piekarnicze bezglutenowe, przyprawy, zbo\u017cowe produkty \u015bniadaniowe, kawy i herbaty, produkty mleczarskie i mi\u0119sne, produkty probiotyczne oraz soki i napoje bezalkoholowe. Na g\u0142\u00f3wnym polskim stoisku narodowym zwiedzaj\u0105cy targi mogli spr\u00f3bowa\u0107 tradycyjnych polskich da\u0144, serwowanych przez polskich szef\u00f3w kuchni w ramach zorganizowanych przez KOWR pokaz\u00f3w kulinarnych.<\/p>\n<p>Stoisko narodowe KOWR odwiedzili m.in. Dyrektor targ\u00f3w Gulfood DWTC, Pan Mark Napier oraz Dyrektor Sekcji Kontroli Handlu \u017bywno\u015bci\u0105 w Dubai Municipality, Pan dr Essam Al Hashimi, kt\u00f3ry wskaza\u0142 na wysok\u0105 jako\u015b\u0107 polskich produkt\u00f3w oraz podkre\u015bli\u0142 zauwa\u017calny wzrost polskiego eksportu artyku\u0142\u00f3w rolno &#8211; spo\u017cywczych na rynek PZEA.<\/p>\n<p>Dodatkowo na polskim stoisku odby\u0142y si\u0119 spotkania z przedstawicielami lokalnych instytucji oraz firm i sieci handlowych, zorganizowane dla wystawc\u00f3w przy wsparciu Pani Katarzyny Rze\u017aniczek I Radcy ds. rolnych Ambasady RP oraz Pani Ewy Mezher z Zagranicznego Biura Handlowego PAIH \u00a0w Dubaju. Celem ww. spotka\u0144 by\u0142o u\u0142atwienie komunikacji w zakresie funkcjonowania polskich firm na rynku ZEA.<\/p>\n","protected":false},"excerpt":{"rendered":"<p>W dniach 13-17 lutego 2022 r., w Dubaju w Zjednoczonych Emiratach Arabskich, mia\u0142a miejsce 27 edycja mi\u0119dzynarodowych targ\u00f3w Gulfood, jednych z najwi\u0119kszych i najwa\u017cniejszych wydarze\u0144 bran\u017cy spo\u017cywczej na Bliskim Wschodzie&#8230;.<\/p>\n","protected":false},"author":9,"featured_media":3696,"comment_status":"open","ping_status":"open","sticky":false,"template":"","format":"standard","meta":{"_acf_changed":false,"footnotes":""},"categories":[35],"tags":[],"acf":[],"_links":{"self":[{"href":"https:\/\/www.polandtastesgood.pl\/pl\/wp-json\/wp\/v2\/posts\/3695"}],"collection":[{"href":"https:\/\/www.polandtastesgood.pl\/pl\/wp-json\/wp\/v2\/posts"}],"about":[{"href":"https:\/\/www.polandtastesgood.pl\/pl\/wp-json\/wp\/v2\/types\/post"}],"author":[{"embeddable":true,"href":"https:\/\/www.polandtastesgood.pl\/pl\/wp-json\/wp\/v2\/users\/9"}],"replies":[{"embeddable":true,"href":"https:\/\/www.polandtastesgood.pl\/pl\/wp-json\/wp\/v2\/comments?post=3695"}],"version-history":[{"count":4,"href":"https:\/\/www.polandtastesgood.pl\/pl\/wp-json\/wp\/v2\/posts\/3695\/revisions"}],"predecessor-version":[{"id":3749,"href":"https:\/\/www.polandtastesgood.pl\/pl\/wp-json\/wp\/v2\/posts\/3695\/revisions\/3749"}],"wp:featuredmedia":[{"embeddable":true,"href":"https:\/\/www.polandtastesgood.pl\/pl\/wp-json\/wp\/v2\/media\/3696"}],"wp:attachment":[{"href":"https:\/\/www.polandtastesgood.pl\/pl\/wp-json\/wp\/v2\/media?parent=3695"}],"wp:term":[{"taxonomy":"category","embeddable":true,"href":"https:\/\/www.polandtastesgood.pl\/pl\/wp-json\/wp\/v2\/categories?post=3695"},{"taxonomy":"post_tag","embeddable":true,"href":"https:\/\/www.polandtastesgood.pl\/pl\/wp-json\/wp\/v2\/tags?post=3695"}],"curies":[{"name":"wp","href":"https:\/\/api.w.org\/{rel}","templated":true}]}}