{"id":36853,"date":"2026-04-28T10:44:43","date_gmt":"2026-04-28T08:44:43","guid":{"rendered":"https:\/\/www.polandtastesgood.pl\/?p=36853"},"modified":"2026-04-28T10:53:10","modified_gmt":"2026-04-28T08:53:10","slug":"webinarium-rynek-spozywczy-w-korei-poludniowej-szansa-dla-polskich-eksporterow","status":"publish","type":"post","link":"https:\/\/www.polandtastesgood.pl\/pl\/aktualnosci\/webinarium-rynek-spozywczy-w-korei-poludniowej-szansa-dla-polskich-eksporterow\/","title":{"rendered":"WEBINARIUM \u201eRynek spo\u017cywczy w Korei Po\u0142udniowej &#8211; szansa dla polskich eksporter\u00f3w\u201d"},"content":{"rendered":"<p style=\"text-align: center;\"><strong>Krajowy O\u015brodek Wsparcia Rolnictwa zaprasza przedsi\u0119biorc\u00f3w na webinarium pt.:<br \/>\n<\/strong>\u201e<strong><em>Rynek spo\u017cywczy w Korei Po\u0142udniowej &#8211; szansa dla polskich eksporter\u00f3w\u201d<\/em><\/strong><\/p>\n<p>&nbsp;<\/p>\n<p><strong>Data i czas: 12 maja 2026 r., start o godz. 9:00, platforma MS Teams<\/strong><\/p>\n<p>Podczas webinarium dowiesz si\u0119:<\/p>\n<ul>\n<li>jak funkcjonuje rynek spo\u017cywczy Korei Po\u0142udniowej i jakie s\u0105 jego kluczowe cechy;<\/li>\n<li>jakie trendy konsumenckie kszta\u0142tuj\u0105 popyt na produkty spo\u017cywcze;<\/li>\n<li>na czym polega specyfika kultury biznesowej w Korei Po\u0142udniowej;<\/li>\n<li>jakie s\u0105 g\u0142\u00f3wne kana\u0142y dystrybucji i jak dzia\u0142aj\u0105 w praktyce;<\/li>\n<li>jak skutecznie wej\u015b\u0107 do kana\u0142\u00f3w sprzeda\u017cy i wsp\u00f3\u0142pracowa\u0107 z partnerami lokalnymi;<\/li>\n<li>jakie szanse i wyzwania stoj\u0105 przed polskimi firmami planuj\u0105cymi ekspansj\u0119 na rynek korea\u0144ski.<\/li>\n<\/ul>\n<p>&nbsp;<\/p>\n<p>Program:<\/p>\n<ul>\n<li><em>Powitanie uczestnik<\/em><em>\u00f3w: <\/em>Pawe\u0142 Zar\u0119ba, Kierownik w Wydziale Azji, Departament Wsparcia Eksportu, KOWR<\/li>\n<\/ul>\n<ul>\n<li><em>\u201ePotencja\u0142 rynku spo\u017cywczego Korei Po\u0142udniowej. Szanse i wyzwania w zakresie ekspansji zagranicznej\u201d &#8211; <\/em>Anna \u0141agodzi\u0144ska, Kierownik Zagranicznego Biura Handlowego PAIH w Seulu<\/li>\n<\/ul>\n<ul>\n<li><em>Sesja pyta\u0144 i odpowiedzi<\/em><\/li>\n<\/ul>\n<p>&nbsp;<\/p>\n<p>Przedsi\u0119biorc\u00f3w zainteresowanych udzia\u0142em prosimy o wype\u0142nienie <a href=\"https:\/\/formularze.kowr.gov.pl\/eksport-zywnosci\/webinarium\/korea-2026\" rel=\"nofollow noopener\" target=\"_blank\"><strong><u>formularza zg\u0142oszeniowego<\/u><\/strong><\/a><strong>. <\/strong><\/p>\n<p><strong>Program webinarium znajduje si\u0119 w za\u0142\u0105czeniu.<\/strong><\/p>\n<p><strong>Termin zg\u0142osze\u0144: do 6 maja 2026 r.<\/strong><\/p>\n<p><strong>Serdecznie zapraszamy!<\/strong><\/p>\n","protected":false},"excerpt":{"rendered":"<p>Krajowy O\u015brodek Wsparcia Rolnictwa zaprasza przedsi\u0119biorc\u00f3w na webinarium pt.: \u201eRynek spo\u017cywczy w Korei Po\u0142udniowej &#8211; szansa dla polskich eksporter\u00f3w\u201d &nbsp; Data i czas: 12 maja 2026 r., start o godz&#8230;.<\/p>\n","protected":false},"author":10,"featured_media":36845,"comment_status":"closed","ping_status":"closed","sticky":false,"template":"","format":"standard","meta":{"_acf_changed":false,"footnotes":""},"categories":[35],"tags":[],"acf":[],"_links":{"self":[{"href":"https:\/\/www.polandtastesgood.pl\/pl\/wp-json\/wp\/v2\/posts\/36853"}],"collection":[{"href":"https:\/\/www.polandtastesgood.pl\/pl\/wp-json\/wp\/v2\/posts"}],"about":[{"href":"https:\/\/www.polandtastesgood.pl\/pl\/wp-json\/wp\/v2\/types\/post"}],"author":[{"embeddable":true,"href":"https:\/\/www.polandtastesgood.pl\/pl\/wp-json\/wp\/v2\/users\/10"}],"replies":[{"embeddable":true,"href":"https:\/\/www.polandtastesgood.pl\/pl\/wp-json\/wp\/v2\/comments?post=36853"}],"version-history":[{"count":4,"href":"https:\/\/www.polandtastesgood.pl\/pl\/wp-json\/wp\/v2\/posts\/36853\/revisions"}],"predecessor-version":[{"id":36857,"href":"https:\/\/www.polandtastesgood.pl\/pl\/wp-json\/wp\/v2\/posts\/36853\/revisions\/36857"}],"wp:featuredmedia":[{"embeddable":true,"href":"https:\/\/www.polandtastesgood.pl\/pl\/wp-json\/wp\/v2\/media\/36845"}],"wp:attachment":[{"href":"https:\/\/www.polandtastesgood.pl\/pl\/wp-json\/wp\/v2\/media?parent=36853"}],"wp:term":[{"taxonomy":"category","embeddable":true,"href":"https:\/\/www.polandtastesgood.pl\/pl\/wp-json\/wp\/v2\/categories?post=36853"},{"taxonomy":"post_tag","embeddable":true,"href":"https:\/\/www.polandtastesgood.pl\/pl\/wp-json\/wp\/v2\/tags?post=36853"}],"curies":[{"name":"wp","href":"https:\/\/api.w.org\/{rel}","templated":true}]}}