{"id":36744,"date":"2026-04-27T08:19:26","date_gmt":"2026-04-27T06:19:26","guid":{"rendered":"https:\/\/www.polandtastesgood.pl\/?p=36744"},"modified":"2026-04-27T08:18:48","modified_gmt":"2026-04-27T06:18:48","slug":"zaproszenie-do-udzialu-w-polskim-stoisku-narodowym-na-targach-plma-u-s-private-label-trade-show-chicago-2026","status":"publish","type":"post","link":"https:\/\/www.polandtastesgood.pl\/pl\/aktualnosci\/zaproszenie-do-udzialu-w-polskim-stoisku-narodowym-na-targach-plma-u-s-private-label-trade-show-chicago-2026\/","title":{"rendered":"ZAPROSZENIE DO UDZIA\u0141U W POLSKIM STOISKU NARODOWYM NA TARGACH PLMA: U.S. Private Label Trade Show \u2013 Chicago 2026"},"content":{"rendered":"<p>Zapraszamy przedsi\u0119biorc\u00f3w bran\u017cy spo\u017cywczej do udzia\u0142u w stoisku narodowym organizowanym przez Krajowy O\u015brodek Wsparcia Rolnictwa podczas targ\u00f3w <strong>PLMA \u2013 World of Private Label International Trade Show<\/strong> <strong>w Chicago w Stanach Zjednoczonych w dniach 15-17 listopada 2026 r.<\/strong><\/p>\n<p>Ameryka\u0144ska edycja PLMA: U.S. Private Label Trade Show \u2013 Chicago organizowana jest od ponad 40 lat i jest dobrym miejscem do nawi\u0105zywania kontakt\u00f3w handlowych umo\u017cliwiaj\u0105cych wej\u015bcie na rynek USA i Kanady. Targi PLMA przyci\u0105gaj\u0105 handlowc\u00f3w, importer\u00f3w, przedstawicieli najwi\u0119kszych supermarket\u00f3w, sieci handlowych, dyskont\u00f3w, sklep\u00f3w online i hurtowni. Poprzednia edycja zebra\u0142a rekordow\u0105 liczb\u0119 ponad 1.900 wystawc\u00f3w z ponad 60 kraj\u00f3w, a dzi\u0119ki staraniom KOWR, kt\u00f3ry powi\u0119kszy\u0142 powierzchni\u0119 wystawiennicz\u0105 w stosunku do 2024 r., na stoisku narodowym zaprezentowa\u0142o si\u0119 wi\u0119cej firm i polska oferta by\u0142a jeszcze bardziej r\u00f3\u017cnorodna.<\/p>\n<p>W 2024 r. wyeksportowali\u015bmy do USA towary rolno-spo\u017cywcze o warto\u015bci 787 mln EUR, a rynek ameryka\u0144ski by\u0142 trzecim co do wielko\u015bci importerem naszej \u017cywno\u015bci spo\u015br\u00f3d kraj\u00f3w pozaunijnych (poza Wielk\u0105 Brytani\u0105 i Ukrain\u0105). W strukturze polskiego eksportu rolno-spo\u017cywczego do USA dominowa\u0142y: wyroby cukiernicze (18,3%), ryby i przetwory rybne (16,6%), przetwory zbo\u017cowo-m\u0105czne (11,2%), wieprzowina i przetwory wieprzowe (10,4%), przetwory warzywne (7,6%), produkty paszowe (4,1%), zbo\u017ca (3,8%), kawa i herbata (3,8%), wyroby spirytusowe (3,1%). Wst\u0119pne dane handlowe za 2025 r. wskazuj\u0105, \u017ce eksport produkt\u00f3w rolno-spo\u017cywczych do USA by\u0142 jeszcze wi\u0119kszy i osi\u0105gn\u0105\u0142 warto\u015b\u0107 ok. 838 mln EUR.<\/p>\n<p>&nbsp;<\/p>\n<p><strong>Koszt udzia\u0142u: 14 150,00 PLN netto \/ 17 404,50 PLN brutto. \u00a0\u00a0\u00a0\u00a0 <\/strong><\/p>\n<p><strong>\u00a0\u00a0\u00a0\u00a0\u00a0\u00a0\u00a0\u00a0\u00a0\u00a0\u00a0\u00a0\u00a0\u00a0\u00a0\u00a0\u00a0\u00a0\u00a0\u00a0\u00a0\u00a0\u00a0\u00a0\u00a0\u00a0\u00a0\u00a0\u00a0\u00a0\u00a0 <\/strong><\/p>\n<p>Szczeg\u00f3\u0142owe informacje w Regulaminie uczestnictwa w stoisku narodowym.<\/p>\n<p>Termin nadsy\u0142ania zg\u0142osze\u0144: do<strong> 11 maja 2026 r.<\/strong> na adres mailowy: <a href=\"mailto:KOWR-events@kowr.gov.pl\">KOWR-events@kowr.gov.pl<\/a><\/p>\n<p>W temacie wiadomo\u015bci ze zg\u0142oszeniem nale\u017cy wpisa\u0107: <strong>\u201ePLMA Chicago 2026\u201d.<\/strong><\/p>\n","protected":false},"excerpt":{"rendered":"<p>Zapraszamy przedsi\u0119biorc\u00f3w bran\u017cy spo\u017cywczej do udzia\u0142u w stoisku narodowym organizowanym przez Krajowy O\u015brodek Wsparcia Rolnictwa podczas targ\u00f3w PLMA \u2013 World of Private Label International Trade Show w Chicago w Stanach&#8230;<\/p>\n","protected":false},"author":9,"featured_media":36745,"comment_status":"closed","ping_status":"closed","sticky":false,"template":"","format":"standard","meta":{"_acf_changed":false,"footnotes":""},"categories":[35],"tags":[],"acf":[],"_links":{"self":[{"href":"https:\/\/www.polandtastesgood.pl\/pl\/wp-json\/wp\/v2\/posts\/36744"}],"collection":[{"href":"https:\/\/www.polandtastesgood.pl\/pl\/wp-json\/wp\/v2\/posts"}],"about":[{"href":"https:\/\/www.polandtastesgood.pl\/pl\/wp-json\/wp\/v2\/types\/post"}],"author":[{"embeddable":true,"href":"https:\/\/www.polandtastesgood.pl\/pl\/wp-json\/wp\/v2\/users\/9"}],"replies":[{"embeddable":true,"href":"https:\/\/www.polandtastesgood.pl\/pl\/wp-json\/wp\/v2\/comments?post=36744"}],"version-history":[{"count":2,"href":"https:\/\/www.polandtastesgood.pl\/pl\/wp-json\/wp\/v2\/posts\/36744\/revisions"}],"predecessor-version":[{"id":36774,"href":"https:\/\/www.polandtastesgood.pl\/pl\/wp-json\/wp\/v2\/posts\/36744\/revisions\/36774"}],"wp:featuredmedia":[{"embeddable":true,"href":"https:\/\/www.polandtastesgood.pl\/pl\/wp-json\/wp\/v2\/media\/36745"}],"wp:attachment":[{"href":"https:\/\/www.polandtastesgood.pl\/pl\/wp-json\/wp\/v2\/media?parent=36744"}],"wp:term":[{"taxonomy":"category","embeddable":true,"href":"https:\/\/www.polandtastesgood.pl\/pl\/wp-json\/wp\/v2\/categories?post=36744"},{"taxonomy":"post_tag","embeddable":true,"href":"https:\/\/www.polandtastesgood.pl\/pl\/wp-json\/wp\/v2\/tags?post=36744"}],"curies":[{"name":"wp","href":"https:\/\/api.w.org\/{rel}","templated":true}]}}