{"id":3569,"date":"2022-01-03T15:08:57","date_gmt":"2022-01-03T14:08:57","guid":{"rendered":"https:\/\/www.polandtastesgood.pl\/?p=3569"},"modified":"2022-01-03T15:08:57","modified_gmt":"2022-01-03T14:08:57","slug":"polskie-stoisko-narodowe-na-targach-food-africa-cairo-2021","status":"publish","type":"post","link":"https:\/\/www.polandtastesgood.pl\/pl\/aktualnosci\/polskie-stoisko-narodowe-na-targach-food-africa-cairo-2021\/","title":{"rendered":"Polskie stoisko narodowe na targach Food Africa Cairo 2021"},"content":{"rendered":"<p>W dniach 12-14 grudnia 2021 r. w Kairze w Egipcie odby\u0142y si\u0119 mi\u0119dzynarodowe targi Food Africa Cairo 2021, kt\u00f3re s\u0105 najwi\u0119kszymi targami rolno-spo\u017cywczymi w Egipcie oraz jednymi z najwi\u0119kszych mi\u0119dzynarodowych targ\u00f3w w tej bran\u017cy na kontynencie afryka\u0144skim<\/p>\n<p>Krajowy O\u015brodek Wsparcia Rolnictwa, w ramach zagranicznych dzia\u0142a\u0144 promocyjnych zaakceptowanych przez Ministerstwo Rolnictwa i Rozwoju Wsi, zorganizowa\u0142 po raz czwarty na targach Food Africa Cairo stoisko narodowe o powierzchni 120 m<sup>2<\/sup>.<\/p>\n<p>Swoj\u0105 ofert\u0119 eksportow\u0105 zaprezentowa\u0142o na nim 10 polskich przedsi\u0119biorc\u00f3w. Na polskim stoisku narodowym promowane by\u0142y min.: \u015bwie\u017ce owoce i warzywa, zw\u0142aszcza polskie jab\u0142ka, wyroby mleczarskie, jaja, s\u0142odycze i orzechy, wyroby mi\u0119sne oraz dodatki do \u017cywno\u015bci.<\/p>\n<p>Dodatkowo, w formie showroom\u2019u, na polskim stoisku zosta\u0142a zaprezentowana oferta produktowa kolejnych dziesi\u0119ciu polskich firm: s\u0142odycze, owoce i soki, przek\u0105ski, p\u0142atki \u015bniadaniowe i syropy z czarnej maliny.<\/p>\n<p>Pierwszego dnia targ\u00f3w odby\u0142o si\u0119 wydarzenie pod nazw\u0105 \u201ePolish Food Day\u201d, promuj\u0105ce polsk\u0105 ofert\u0119 na targach, zorganizowane przez Zagraniczne Biuro Handlowe PAIH w Kairze oraz KOWR.<\/p>\n<p>Ponadto polscy przedsi\u0119biorcy mieli mo\u017cliwo\u015b\u0107 odwiedzenia trzech sieci handlowych w Kairze: Market Kehir Zaman, Market AlOtahim i Carrefour, w ramach zorganizowanego przez KOWR tzw. \u201estore-check\u201d.<\/p>\n<p>Du\u017ce zainteresowanie ofert\u0105 polskich wystawc\u00f3w oraz liczne rozmowy biznesowe, jakie polscy przedsi\u0119biorcy przeprowadzili podczas targ\u00f3w mog\u0105 \u015bwiadczy\u0107 o du\u017cym sukcesie polskiego wyst\u0105pienia podczas targ\u00f3w Food Africa Cairo 2021.<\/p>\n<p>Kolejna edycja tego wydarzenia odb\u0119dzie si\u0119 w 2022 roku.<\/p>\n","protected":false},"excerpt":{"rendered":"<p>W dniach 12-14 grudnia 2021 r. w Kairze w Egipcie odby\u0142y si\u0119 mi\u0119dzynarodowe targi Food Africa Cairo 2021, kt\u00f3re s\u0105 najwi\u0119kszymi targami rolno-spo\u017cywczymi w Egipcie oraz jednymi z najwi\u0119kszych mi\u0119dzynarodowych&#8230;<\/p>\n","protected":false},"author":7,"featured_media":3613,"comment_status":"open","ping_status":"open","sticky":false,"template":"","format":"standard","meta":{"_acf_changed":false,"footnotes":""},"categories":[35],"tags":[],"acf":[],"_links":{"self":[{"href":"https:\/\/www.polandtastesgood.pl\/pl\/wp-json\/wp\/v2\/posts\/3569"}],"collection":[{"href":"https:\/\/www.polandtastesgood.pl\/pl\/wp-json\/wp\/v2\/posts"}],"about":[{"href":"https:\/\/www.polandtastesgood.pl\/pl\/wp-json\/wp\/v2\/types\/post"}],"author":[{"embeddable":true,"href":"https:\/\/www.polandtastesgood.pl\/pl\/wp-json\/wp\/v2\/users\/7"}],"replies":[{"embeddable":true,"href":"https:\/\/www.polandtastesgood.pl\/pl\/wp-json\/wp\/v2\/comments?post=3569"}],"version-history":[{"count":3,"href":"https:\/\/www.polandtastesgood.pl\/pl\/wp-json\/wp\/v2\/posts\/3569\/revisions"}],"predecessor-version":[{"id":3649,"href":"https:\/\/www.polandtastesgood.pl\/pl\/wp-json\/wp\/v2\/posts\/3569\/revisions\/3649"}],"wp:featuredmedia":[{"embeddable":true,"href":"https:\/\/www.polandtastesgood.pl\/pl\/wp-json\/wp\/v2\/media\/3613"}],"wp:attachment":[{"href":"https:\/\/www.polandtastesgood.pl\/pl\/wp-json\/wp\/v2\/media?parent=3569"}],"wp:term":[{"taxonomy":"category","embeddable":true,"href":"https:\/\/www.polandtastesgood.pl\/pl\/wp-json\/wp\/v2\/categories?post=3569"},{"taxonomy":"post_tag","embeddable":true,"href":"https:\/\/www.polandtastesgood.pl\/pl\/wp-json\/wp\/v2\/tags?post=3569"}],"curies":[{"name":"wp","href":"https:\/\/api.w.org\/{rel}","templated":true}]}}