{"id":35455,"date":"2026-03-13T13:01:19","date_gmt":"2026-03-13T12:01:19","guid":{"rendered":"https:\/\/www.polandtastesgood.pl\/?p=35455"},"modified":"2026-03-26T11:19:49","modified_gmt":"2026-03-26T10:19:49","slug":"zaproszenie-do-udzialu-w-polskim-stoisku-narodowym-na-targach-wofex-world-food-expo-2026","status":"publish","type":"post","link":"https:\/\/www.polandtastesgood.pl\/pl\/aktualnosci\/zaproszenie-do-udzialu-w-polskim-stoisku-narodowym-na-targach-wofex-world-food-expo-2026\/","title":{"rendered":"ZAPROSZENIE DO UDZIA\u0141U W POLSKIM STOISKU NARODOWYM NA TARGACH WOFEX \u2013 WORLD FOOD EXPO 2026 \u2013 nab\u00f3r zamkni\u0119ty"},"content":{"rendered":"<p>Nab\u00f3r na stoisko narodowe organizowane przez Krajowy O\u015brodek Wsparcia Rolnictwa podczas targ\u00f3w <strong>WOFEX \u2013 World Food Expo 2026<\/strong> w Manili na Filipinach w dniach 29.07-01.08.2026 r.\u00a0zosta\u0142 zamkni\u0119ty.<\/p>\n<p>Termin nadsy\u0142ania zg\u0142osze\u0144 na adres mailowy:\u00a0<a href=\"mailto:KOWR-events@kowr.gov.pl\">KOWR-events@kowr.gov.pl<\/a>\u00a0up\u0142yn\u0105\u0142<strong> 25 marca 2026 r.<\/strong><\/p>\n<p>Koszt udzia\u0142u:\u00a0 4\u00a0550,00 PLN netto \/ 5\u00a0596,50 PLN brutto.<\/p>\n<p>&nbsp;<\/p>\n<p><strong>WOFEX \u2013 World Food Expo 2026<\/strong> to jedno z najbardziej presti\u017cowych wydarze\u0144 bran\u017cy spo\u017cywczej i HoReca w Azji \u2013 a tegoroczna edycja b\u0119dzie wyj\u0105tkowa, poniewa\u017c targi \u015bwi\u0119tuj\u0105 swoje 25-lecie. Na uczestnik\u00f3w czeka imponuj\u0105ca skala wydarzenia: ponad 700\u2013800 wystawc\u00f3w z ca\u0142ego \u015bwiata, kilkadziesi\u0105t tysi\u0119cy odwiedzaj\u0105cych profesjonalist\u00f3w bran\u017cowych oraz ekspozycja zajmuj\u0105ca ponad 20 000 m\u00b2 powierzchni targowej. Targi WOFEX to miejsce, gdzie spotykaj\u0105 si\u0119 liderzy bran\u017cy, powstaj\u0105 nowe partnerstwa biznesowe, a najnowsze trendy gastronomiczne kszta\u0142tuj\u0105 przysz\u0142o\u015b\u0107 rynku w Azji.<strong> \u00a0<\/strong><\/p>\n","protected":false},"excerpt":{"rendered":"<p>Nab\u00f3r na stoisko narodowe organizowane przez Krajowy O\u015brodek Wsparcia Rolnictwa podczas targ\u00f3w WOFEX \u2013 World Food Expo 2026 w Manili na Filipinach w dniach 29.07-01.08.2026 r.\u00a0zosta\u0142 zamkni\u0119ty. Termin nadsy\u0142ania zg\u0142osze\u0144&#8230;<\/p>\n","protected":false},"author":9,"featured_media":35456,"comment_status":"closed","ping_status":"closed","sticky":false,"template":"","format":"standard","meta":{"_acf_changed":false,"footnotes":""},"categories":[35],"tags":[],"acf":[],"_links":{"self":[{"href":"https:\/\/www.polandtastesgood.pl\/pl\/wp-json\/wp\/v2\/posts\/35455"}],"collection":[{"href":"https:\/\/www.polandtastesgood.pl\/pl\/wp-json\/wp\/v2\/posts"}],"about":[{"href":"https:\/\/www.polandtastesgood.pl\/pl\/wp-json\/wp\/v2\/types\/post"}],"author":[{"embeddable":true,"href":"https:\/\/www.polandtastesgood.pl\/pl\/wp-json\/wp\/v2\/users\/9"}],"replies":[{"embeddable":true,"href":"https:\/\/www.polandtastesgood.pl\/pl\/wp-json\/wp\/v2\/comments?post=35455"}],"version-history":[{"count":6,"href":"https:\/\/www.polandtastesgood.pl\/pl\/wp-json\/wp\/v2\/posts\/35455\/revisions"}],"predecessor-version":[{"id":35753,"href":"https:\/\/www.polandtastesgood.pl\/pl\/wp-json\/wp\/v2\/posts\/35455\/revisions\/35753"}],"wp:featuredmedia":[{"embeddable":true,"href":"https:\/\/www.polandtastesgood.pl\/pl\/wp-json\/wp\/v2\/media\/35456"}],"wp:attachment":[{"href":"https:\/\/www.polandtastesgood.pl\/pl\/wp-json\/wp\/v2\/media?parent=35455"}],"wp:term":[{"taxonomy":"category","embeddable":true,"href":"https:\/\/www.polandtastesgood.pl\/pl\/wp-json\/wp\/v2\/categories?post=35455"},{"taxonomy":"post_tag","embeddable":true,"href":"https:\/\/www.polandtastesgood.pl\/pl\/wp-json\/wp\/v2\/tags?post=35455"}],"curies":[{"name":"wp","href":"https:\/\/api.w.org\/{rel}","templated":true}]}}