{"id":35393,"date":"2026-03-12T17:34:00","date_gmt":"2026-03-12T16:34:00","guid":{"rendered":"https:\/\/www.polandtastesgood.pl\/?p=35393"},"modified":"2026-03-13T08:34:27","modified_gmt":"2026-03-13T07:34:27","slug":"rozmowy-polsko-japonskie-podczas-targow-foodex-japan-w-tokio","status":"publish","type":"post","link":"https:\/\/www.polandtastesgood.pl\/pl\/aktualnosci\/rozmowy-polsko-japonskie-podczas-targow-foodex-japan-w-tokio\/","title":{"rendered":"Rozmowy polsko-japo\u0144skie podczas targ\u00f3w FOODEX Japan w Tokio"},"content":{"rendered":"<p data-start=\"0\" data-end=\"300\"><strong>12 marca w Tokio odby\u0142o si\u0119 spotkanie Yoichiego Watanabe, Wiceministra Rolnictwa, Le\u015bnictwa i Rybo\u0142\u00f3wstwa Japonii, z polsk\u0105 delegacj\u0105 przebywaj\u0105c\u0105 w Japonii przy okazji targ\u00f3w FOODEX Japan.<\/strong><\/p>\n<p data-start=\"0\" data-end=\"300\">Spotkanie odby\u0142o si\u0119 w Ministerstwie Rolnictwa, Le\u015bnictwa i Rybo\u0142\u00f3wstwa Japonii (Ministry of Agriculture, Forestry and Fisheries of Japan). Polsk\u0105 delegacj\u0119 reprezentowali Adam Nowak, Podsekretarz Stanu w Ministerstwie Rolnictwa i Rozwoju Wsi oraz Jan Szopi\u0144ski, Zast\u0119pca Dyrektora Generalnego KOWR.<\/p>\n<p data-start=\"302\" data-end=\"556\">Podczas rozm\u00f3w om\u00f3wiono kierunki dalszego zwi\u0119kszania obecno\u015bci polskich produkt\u00f3w rolno-spo\u017cywczych na rynku japo\u0144skim. Szczeg\u00f3ln\u0105 uwag\u0119 po\u015bwi\u0119cono drobiowi oraz naszym krajowym owocom, kt\u00f3re budz\u0105 rosn\u0105ce zainteresowanie japo\u0144skich odbiorc\u00f3w.<\/p>\n<p data-start=\"558\" data-end=\"806\">Istotnym punktem rozm\u00f3w by\u0142a r\u00f3wnie\u017c wo\u0142owina. Polska jest obecnie wiod\u0105cym dostawc\u0105 mro\u017conej wo\u0142owiny do Japonii, dlatego dyskusja koncentrowa\u0142a si\u0119 na utrzymaniu tej silnej pozycji oraz mo\u017cliwo\u015bciach dalszego zwi\u0119kszania eksportu w tym segmencie.<\/p>\n<p data-start=\"808\" data-end=\"1086\" data-is-last-node=\"\" data-is-only-node=\"\">Spotkanie potwierdzi\u0142o du\u017cy potencja\u0142 wsp\u00f3\u0142pracy handlowej mi\u0119dzy Polsk\u0105 i Japoni\u0105 oraz otwieranie kolejnych perspektyw dla polskich producent\u00f3w na wymagaj\u0105cym rynku japo\u0144skim. Jednocze\u015bnie stanowi kolejny dow\u00f3d rosn\u0105cego znaczenia polskiej \u017cywno\u015bci na rynkach mi\u0119dzynarodowych.<\/p>\n","protected":false},"excerpt":{"rendered":"<p>12 marca w Tokio odby\u0142o si\u0119 spotkanie Yoichiego Watanabe, Wiceministra Rolnictwa, Le\u015bnictwa i Rybo\u0142\u00f3wstwa Japonii, z polsk\u0105 delegacj\u0105 przebywaj\u0105c\u0105 w Japonii przy okazji targ\u00f3w FOODEX Japan. Spotkanie odby\u0142o si\u0119 w&#8230;<\/p>\n","protected":false},"author":17,"featured_media":35394,"comment_status":"closed","ping_status":"closed","sticky":false,"template":"","format":"standard","meta":{"_acf_changed":false,"footnotes":""},"categories":[35],"tags":[],"acf":[],"_links":{"self":[{"href":"https:\/\/www.polandtastesgood.pl\/pl\/wp-json\/wp\/v2\/posts\/35393"}],"collection":[{"href":"https:\/\/www.polandtastesgood.pl\/pl\/wp-json\/wp\/v2\/posts"}],"about":[{"href":"https:\/\/www.polandtastesgood.pl\/pl\/wp-json\/wp\/v2\/types\/post"}],"author":[{"embeddable":true,"href":"https:\/\/www.polandtastesgood.pl\/pl\/wp-json\/wp\/v2\/users\/17"}],"replies":[{"embeddable":true,"href":"https:\/\/www.polandtastesgood.pl\/pl\/wp-json\/wp\/v2\/comments?post=35393"}],"version-history":[{"count":5,"href":"https:\/\/www.polandtastesgood.pl\/pl\/wp-json\/wp\/v2\/posts\/35393\/revisions"}],"predecessor-version":[{"id":35433,"href":"https:\/\/www.polandtastesgood.pl\/pl\/wp-json\/wp\/v2\/posts\/35393\/revisions\/35433"}],"wp:featuredmedia":[{"embeddable":true,"href":"https:\/\/www.polandtastesgood.pl\/pl\/wp-json\/wp\/v2\/media\/35394"}],"wp:attachment":[{"href":"https:\/\/www.polandtastesgood.pl\/pl\/wp-json\/wp\/v2\/media?parent=35393"}],"wp:term":[{"taxonomy":"category","embeddable":true,"href":"https:\/\/www.polandtastesgood.pl\/pl\/wp-json\/wp\/v2\/categories?post=35393"},{"taxonomy":"post_tag","embeddable":true,"href":"https:\/\/www.polandtastesgood.pl\/pl\/wp-json\/wp\/v2\/tags?post=35393"}],"curies":[{"name":"wp","href":"https:\/\/api.w.org\/{rel}","templated":true}]}}