{"id":3430,"date":"2021-11-18T07:12:11","date_gmt":"2021-11-18T06:12:11","guid":{"rendered":"https:\/\/www.polandtastesgood.pl\/?p=3430"},"modified":"2021-11-22T13:30:26","modified_gmt":"2021-11-22T12:30:26","slug":"polskie-stoisko-narodowe-na-targach-yummex-middle-east-2021-w-dubaju","status":"publish","type":"post","link":"https:\/\/www.polandtastesgood.pl\/pl\/aktualnosci\/polskie-stoisko-narodowe-na-targach-yummex-middle-east-2021-w-dubaju\/","title":{"rendered":"Polskie stoisko narodowe na targach Yummex Middle East 2021 w Dubaju"},"content":{"rendered":"<p>W dniach 7-9 listopada 2021 r. w Dubaju w ZEA odby\u0142a si\u0119 14 edycja targ\u00f3w Yummex Middle East, najwa\u017cniejszego wydarzenia z bran\u017cy s\u0142odyczy i przek\u0105sek na Bliskim Wschodzie.<\/p>\n<p>Krajowy O\u015brodek Wsparcia Rolnictwa w ramach zagranicznych dzia\u0142a\u0144 promocyjnych zaakceptowanych przez Ministerstwo Rolnictwa i Rozwoju Wsi po raz pierwszy zorganizowa\u0142 polskie stoisko narodowe o powierzchni 108 mkw. na tych targach. Na stoisku swoj\u0105 ofert\u0119 zaprezentowa\u0142o 6 firm, oferuj\u0105c szerok\u0105 gam\u0119 produkt\u00f3w m.in: kr\u00f3wki, toffi, miody, w tym miody ekologiczne, bezglutenowe i niskobia\u0142kowe produkty piekarnicze, ciasta i ciastka, dodatki do \u017cywno\u015bci, s\u0142odycze funkcjonalne, w tym czekoladki z witaminami, konfitury z p\u0142atk\u00f3w r\u00f3\u017c oraz soki i syropy owocowe.<\/p>\n<p>Dodatkowo, w formie showroom\u2019u, zosta\u0142a zaprezentowana oferta produktowa kolejnych czterech firm: produkty instant, owoce i orzechy w czekoladzie, syropy z czarnej maliny.<\/p>\n<p>Polskie stoisko narodowe odwiedzi\u0142a Pani Katarzyna Rze\u017aniczek \u2013 Radca ds. rolnych, Przedstawiciel MRiRW w Ambasadzie RP w Abu Zabi.<\/p>\n<p>Targi stanowi\u0142y doskona\u0142\u0105 okazj\u0119 do nawi\u0105zania nowych kontakt\u00f3w biznesowych z potencjalnymi kontrahentami z ZEA, oraz innych kraj\u00f3w regionu MENA (Bliski Wsch\u00f3d i Afryka P\u00f3\u0142nocna).<\/p>\n<p>Co wa\u017cne, polskie firmy stanowi\u0142y najliczniejsz\u0105 narodow\u0105 grup\u0119 wystawc\u00f3w na targach. \u0141\u0105cznie z firmami zgromadzonymi na polskim stoisku narodowym organizowanym przez KOWR w targach uczestniczy\u0142o 26 polskich firm.<\/p>\n<p>Bran\u017ca s\u0142odyczy i przek\u0105sek stanowi rozwojow\u0105 cz\u0119\u015b\u0107 polskiego rynku spo\u017cywczego. Przedsi\u0119biorstwa z tej bran\u017cy s\u0105 innowacyjne i nad\u0105\u017caj\u0105 za szybko zmieniaj\u0105cymi si\u0119 trendami w tym segmencie rynku. Jednocze\u015bnie polskie s\u0142odycze i przek\u0105ski wci\u0105\u017c s\u0105 konkurencyjne jako\u015bciowo i cenowo. Wa\u017cnym kierunkiem rozwoju kategorii s\u0142odyczy i przek\u0105sek jest health &amp; wellness, czyli trend prozdrowotny, zgodnie z kt\u00f3rym konsumenci sk\u0142aniaj\u0105 si\u0119 ku zdrowszym wyborom \u017cywieniowym. Trend ten by\u0142 widoczny tak\u017ce w ofercie firm uczestnicz\u0105cych w polskim stoisku narodowym organizowanym przez KOWR.<\/p>\n<p>Pocz\u0105wszy od kolejnej edycji wydarzenia, kt\u00f3ra odb\u0119dzie si\u0119 w dniach 08-10 listopada 2022 roku, nast\u0105pi zmiana nazwy ww. targ\u00f3w na ISM Middle East.<\/p>\n","protected":false},"excerpt":{"rendered":"<p>W dniach 7-9 listopada 2021 r. w Dubaju w ZEA odby\u0142a si\u0119 14 edycja targ\u00f3w Yummex Middle East, najwa\u017cniejszego wydarzenia z bran\u017cy s\u0142odyczy i przek\u0105sek na Bliskim Wschodzie. Krajowy O\u015brodek&#8230;<\/p>\n","protected":false},"author":10,"featured_media":3433,"comment_status":"open","ping_status":"open","sticky":false,"template":"","format":"standard","meta":{"_acf_changed":false,"footnotes":""},"categories":[35],"tags":[],"acf":[],"_links":{"self":[{"href":"https:\/\/www.polandtastesgood.pl\/pl\/wp-json\/wp\/v2\/posts\/3430"}],"collection":[{"href":"https:\/\/www.polandtastesgood.pl\/pl\/wp-json\/wp\/v2\/posts"}],"about":[{"href":"https:\/\/www.polandtastesgood.pl\/pl\/wp-json\/wp\/v2\/types\/post"}],"author":[{"embeddable":true,"href":"https:\/\/www.polandtastesgood.pl\/pl\/wp-json\/wp\/v2\/users\/10"}],"replies":[{"embeddable":true,"href":"https:\/\/www.polandtastesgood.pl\/pl\/wp-json\/wp\/v2\/comments?post=3430"}],"version-history":[{"count":2,"href":"https:\/\/www.polandtastesgood.pl\/pl\/wp-json\/wp\/v2\/posts\/3430\/revisions"}],"predecessor-version":[{"id":3468,"href":"https:\/\/www.polandtastesgood.pl\/pl\/wp-json\/wp\/v2\/posts\/3430\/revisions\/3468"}],"wp:featuredmedia":[{"embeddable":true,"href":"https:\/\/www.polandtastesgood.pl\/pl\/wp-json\/wp\/v2\/media\/3433"}],"wp:attachment":[{"href":"https:\/\/www.polandtastesgood.pl\/pl\/wp-json\/wp\/v2\/media?parent=3430"}],"wp:term":[{"taxonomy":"category","embeddable":true,"href":"https:\/\/www.polandtastesgood.pl\/pl\/wp-json\/wp\/v2\/categories?post=3430"},{"taxonomy":"post_tag","embeddable":true,"href":"https:\/\/www.polandtastesgood.pl\/pl\/wp-json\/wp\/v2\/tags?post=3430"}],"curies":[{"name":"wp","href":"https:\/\/api.w.org\/{rel}","templated":true}]}}