{"id":33867,"date":"2026-01-29T12:54:15","date_gmt":"2026-01-29T11:54:15","guid":{"rendered":"https:\/\/www.polandtastesgood.pl\/?p=33867"},"modified":"2026-02-18T09:56:08","modified_gmt":"2026-02-18T08:56:08","slug":"zaproszenie-do-udzialu-w-polskim-stoisku-narodowym-na-targach-tuttofood-2026","status":"publish","type":"post","link":"https:\/\/www.polandtastesgood.pl\/pl\/aktualnosci\/zaproszenie-do-udzialu-w-polskim-stoisku-narodowym-na-targach-tuttofood-2026\/","title":{"rendered":"ZAPROSZENIE DO UDZIA\u0141U W POLSKIM STOISKU NARODOWYM NA TARGACH TUTTOFOOD 2026 \u2013 nab\u00f3r zamkni\u0119ty"},"content":{"rendered":"<p>Nab\u00f3r na stoisko narodowe organizowane przez Krajowy O\u015brodek Wsparcia Rolnictwa podczas targ\u00f3w<strong> TUTTOFOOD 2026 w Mediolanie we W\u0142oszech w dniach 11-14 maja 2026 r<\/strong>. zosta\u0142 zamkni\u0119ty.<\/p>\n<p>Termin nadsy\u0142ania zg\u0142osze\u0144 na adres mailowy: <a href=\"mailto:KOWR-events@kowr.gov.pl\">KOWR-events@kowr.gov.pl<\/a> <strong>up\u0142yn\u0105\u0142\u00a013 lutego 2026 r.<\/strong><\/p>\n<p>Koszt udzia\u0142u:\u00a0 6 975,00 PLN netto \/ 8 579,25 PLN brutto.<\/p>\n<p><strong>TUTTOFOOD <\/strong>\u00a0to najwi\u0119ksze wydarzenie bran\u017cy spo\u017cywczej we W\u0142oszech. W zesz\u0142orocznej edycji targ\u00f3w uczestniczy\u0142o ok. 4 200 wystawc\u00f3w, natomiast liczba odwiedzaj\u0105cych si\u0119gn\u0119\u0142a oko\u0142o 95 tys. os\u00f3b. Wydarzenie to stanowi doskona\u0142\u0105 okazj\u0119 do nawi\u0105zania nowych kontakt\u00f3w biznesowych z potencjalnymi kontrahentami nie tylko z W\u0142och, ale tak\u017ce z Europy Po\u0142udniowej.<\/p>\n","protected":false},"excerpt":{"rendered":"<p>Nab\u00f3r na stoisko narodowe organizowane przez Krajowy O\u015brodek Wsparcia Rolnictwa podczas targ\u00f3w TUTTOFOOD 2026 w Mediolanie we W\u0142oszech w dniach 11-14 maja 2026 r. zosta\u0142 zamkni\u0119ty. Termin nadsy\u0142ania zg\u0142osze\u0144 na&#8230;<\/p>\n","protected":false},"author":9,"featured_media":27451,"comment_status":"closed","ping_status":"closed","sticky":false,"template":"","format":"standard","meta":{"_acf_changed":false,"footnotes":""},"categories":[35],"tags":[],"acf":[],"_links":{"self":[{"href":"https:\/\/www.polandtastesgood.pl\/pl\/wp-json\/wp\/v2\/posts\/33867"}],"collection":[{"href":"https:\/\/www.polandtastesgood.pl\/pl\/wp-json\/wp\/v2\/posts"}],"about":[{"href":"https:\/\/www.polandtastesgood.pl\/pl\/wp-json\/wp\/v2\/types\/post"}],"author":[{"embeddable":true,"href":"https:\/\/www.polandtastesgood.pl\/pl\/wp-json\/wp\/v2\/users\/9"}],"replies":[{"embeddable":true,"href":"https:\/\/www.polandtastesgood.pl\/pl\/wp-json\/wp\/v2\/comments?post=33867"}],"version-history":[{"count":6,"href":"https:\/\/www.polandtastesgood.pl\/pl\/wp-json\/wp\/v2\/posts\/33867\/revisions"}],"predecessor-version":[{"id":34550,"href":"https:\/\/www.polandtastesgood.pl\/pl\/wp-json\/wp\/v2\/posts\/33867\/revisions\/34550"}],"wp:featuredmedia":[{"embeddable":true,"href":"https:\/\/www.polandtastesgood.pl\/pl\/wp-json\/wp\/v2\/media\/27451"}],"wp:attachment":[{"href":"https:\/\/www.polandtastesgood.pl\/pl\/wp-json\/wp\/v2\/media?parent=33867"}],"wp:term":[{"taxonomy":"category","embeddable":true,"href":"https:\/\/www.polandtastesgood.pl\/pl\/wp-json\/wp\/v2\/categories?post=33867"},{"taxonomy":"post_tag","embeddable":true,"href":"https:\/\/www.polandtastesgood.pl\/pl\/wp-json\/wp\/v2\/tags?post=33867"}],"curies":[{"name":"wp","href":"https:\/\/api.w.org\/{rel}","templated":true}]}}