{"id":3054,"date":"2021-08-26T08:42:15","date_gmt":"2021-08-26T06:42:15","guid":{"rendered":"https:\/\/www.polandtastesgood.pl\/?p=3054"},"modified":"2021-08-26T08:55:45","modified_gmt":"2021-08-26T06:55:45","slug":"polskie-stoisko-narodowe-na-targach-seoul-food-and-hotel-2021-w-seulu","status":"publish","type":"post","link":"https:\/\/www.polandtastesgood.pl\/pl\/aktualnosci\/polskie-stoisko-narodowe-na-targach-seoul-food-and-hotel-2021-w-seulu\/","title":{"rendered":"Polskie stoisko narodowe na targach Seoul Food and Hotel 2021 w Seulu"},"content":{"rendered":"<p>W dniach 27-30 lipca br. w Seulu odby\u0142a si\u0119 14 edycja mi\u0119dzynarodowych targ\u00f3w Seoul Food and Hotel, najwi\u0119kszych mi\u0119dzynarodowych targ\u00f3w \u017cywno\u015bci i napoj\u00f3w w Korei Po\u0142udniowej. Krajowy O\u015brodek Wsparcia Rolnictwa, w ramach realizacji dzia\u0142a\u0144 promuj\u0105cych polskie produkty rolno-spo\u017cywcze na rynkach zagranicznych, zgodnie ze strategi\u0105 okre\u015blon\u0105 przez Ministerstwo Rolnictwa i Rozwoju Wsi, kolejny raz zorganizowa\u0142 na tych targach polskie stoisko narodowe pod has\u0142em \u201ePoland tastes good\u201d.<\/p>\n<p>W pierwszym dniu targ\u00f3w stoisko narodowe zorganizowane przez Krajowy O\u015brodek Wsparcia Rolnictwa odwiedzi\u0142 Pan Piotr Ostaszewski &#8211; Ambasador RP w Korei Po\u0142udniowej.<\/p>\n<p>Podczas tegorocznej edycji targ\u00f3w polski pawilon promuj\u0105cy polski sektor spo\u017cywczy funkcjonowa\u0142 jako stoisko informacyjne o powierzchni 60 m2 w formule targ\u00f3w hybrydowych. Z uwagi na pandemi\u0119, przedstawiciele Zagranicznego Biura Handlowego w Seulu na czele z p. Ann\u0105 \u0141agodzi\u0144sk\u0105 \u2013 kierownikiem plac\u00f3wki, udzielili wsparcia KOWR w obs\u0142udze polskiego stoiska podczas tegorocznej edycji targ\u00f3w SFH.<\/p>\n<p>Na stoisku KOWR obecnych by\u0142o 8 polskich firm, kt\u00f3re zaprezentowa\u0142y takie produkty jak: organiczne soki 100% NFC, napoje energetyczne, ryby i ich przetwory, sery, s\u0142odycze, w tym proteinowe i bez dodatku cukru oraz ekologiczne, wega\u0144skie i bezglutenowe przek\u0105ski zbo\u017cowe. Oferta produktowa polskich firm prezentowana by\u0142a na stoisku w postaci pr\u00f3bek produkt\u00f3w i materia\u0142\u00f3w promocyjnych dostarczonych z Polski w ramach spedycji zorganizowanej przez KOWR. Podczas trwania targ\u00f3w za po\u015brednictwem dedykowanej platformy zapewnionej przez organizatora, odby\u0142y si\u0119 liczne rozmowy on-line, kt\u00f3re pos\u0142u\u017c\u0105 jako narz\u0119dzie w nawi\u0105zaniu nowych kontakt\u00f3w handlowych.<\/p>\n","protected":false},"excerpt":{"rendered":"<p>W dniach 27-30 lipca br. w Seulu odby\u0142a si\u0119 14 edycja mi\u0119dzynarodowych targ\u00f3w Seoul Food and Hotel, najwi\u0119kszych mi\u0119dzynarodowych targ\u00f3w \u017cywno\u015bci i napoj\u00f3w w Korei Po\u0142udniowej. Krajowy O\u015brodek Wsparcia Rolnictwa,&#8230;<\/p>\n","protected":false},"author":10,"featured_media":3038,"comment_status":"open","ping_status":"open","sticky":false,"template":"","format":"standard","meta":{"_acf_changed":false,"footnotes":""},"categories":[35],"tags":[],"acf":[],"_links":{"self":[{"href":"https:\/\/www.polandtastesgood.pl\/pl\/wp-json\/wp\/v2\/posts\/3054"}],"collection":[{"href":"https:\/\/www.polandtastesgood.pl\/pl\/wp-json\/wp\/v2\/posts"}],"about":[{"href":"https:\/\/www.polandtastesgood.pl\/pl\/wp-json\/wp\/v2\/types\/post"}],"author":[{"embeddable":true,"href":"https:\/\/www.polandtastesgood.pl\/pl\/wp-json\/wp\/v2\/users\/10"}],"replies":[{"embeddable":true,"href":"https:\/\/www.polandtastesgood.pl\/pl\/wp-json\/wp\/v2\/comments?post=3054"}],"version-history":[{"count":3,"href":"https:\/\/www.polandtastesgood.pl\/pl\/wp-json\/wp\/v2\/posts\/3054\/revisions"}],"predecessor-version":[{"id":3057,"href":"https:\/\/www.polandtastesgood.pl\/pl\/wp-json\/wp\/v2\/posts\/3054\/revisions\/3057"}],"wp:featuredmedia":[{"embeddable":true,"href":"https:\/\/www.polandtastesgood.pl\/pl\/wp-json\/wp\/v2\/media\/3038"}],"wp:attachment":[{"href":"https:\/\/www.polandtastesgood.pl\/pl\/wp-json\/wp\/v2\/media?parent=3054"}],"wp:term":[{"taxonomy":"category","embeddable":true,"href":"https:\/\/www.polandtastesgood.pl\/pl\/wp-json\/wp\/v2\/categories?post=3054"},{"taxonomy":"post_tag","embeddable":true,"href":"https:\/\/www.polandtastesgood.pl\/pl\/wp-json\/wp\/v2\/tags?post=3054"}],"curies":[{"name":"wp","href":"https:\/\/api.w.org\/{rel}","templated":true}]}}