{"id":20146,"date":"2024-10-30T09:50:33","date_gmt":"2024-10-30T08:50:33","guid":{"rendered":"https:\/\/www.polandtastesgood.pl\/?p=20146"},"modified":"2024-10-30T09:54:05","modified_gmt":"2024-10-30T08:54:05","slug":"polskie-stoisko-narodowe-na-targach-sial-paris-2024","status":"publish","type":"post","link":"https:\/\/www.polandtastesgood.pl\/pl\/aktualnosci\/polskie-stoisko-narodowe-na-targach-sial-paris-2024\/","title":{"rendered":"Polskie stoisko narodowe na targach SIAL Paris 2024"},"content":{"rendered":"<p>W dniach 19-23 pa\u017adziernika 2024 roku odby\u0142y si\u0119 w Pary\u017cu targi SIAL Paris \u2013 jedna z najwa\u017cniejszych i najwi\u0119kszych imprez wystawienniczych bran\u017cy spo\u017cywczej na \u015bwiecie. 60. edycja paryskich targ\u00f3w, kt\u00f3re organizowane s\u0105 co 2 lata, zgromadzi\u0142a w 11 halach 7.500 wystawc\u00f3w ze 130 kraj\u00f3w.<\/p>\n<p>Polska by\u0142a na tegorocznym SIAL Paris 9 krajem pod wzgl\u0119dem wynaj\u0119tej powierzchni. Jubileuszowa edycja targ\u00f3w przyci\u0105gn\u0119\u0142a 253 wystawc\u00f3w z Polski. Krajowy O\u015brodek Wsparcia Rolnictwa zorganizowa\u0142 stoiska narodowe pod has\u0142em \u201ePoland tastes good\u201d w 3 halach: Fine Food, Confectionery i Beverages. Stoisko w hali Fine Food zosta\u0142o cz\u0119\u015bciowo zorganizowane w ramach sektorowego programu promocji sektora spo\u017cywczego.<\/p>\n<p>Na stoiskach KOWR promowa\u0142o si\u0119 \u0142\u0105cznie 55 przedsi\u0119biorc\u00f3w: 10 firm z sektora s\u0142odyczy i przek\u0105sek, 8 firm z sektora napoj\u00f3w oraz 37 firm wystawiaj\u0105cych si\u0119 w hali Fine Food z nast\u0119puj\u0105cymi produktami: \u015bwie\u017ce jab\u0142ka, soki i koncentraty owocowe, przetwory z owoc\u00f3w, warzyw oraz grzyb\u00f3w, zio\u0142a i herbaty, produkty mleczne, ryby i produkty rybne, proszki jajeczne, nasiona i ro\u015bliny str\u0105czkowe, produkty zbo\u017cowe, produkty ekologiczne, produkty bezglutenowe, przyprawy, sosy i majonezy, dania gotowe, cukierki, ciastka i wyroby czekoladowe.<\/p>\n<p>Organizatorzy targ\u00f3w przyk\u0142adaj\u0105 du\u017c\u0105 wag\u0119 do prezentowania nowych produkt\u00f3w i konkursu SIAL Innovation, w kt\u00f3rym udzia\u0142 bior\u0105 i s\u0105 wyr\u00f3\u017cniane r\u00f3wnie\u017c polskie produkty. Paryskie targi stanowi\u0105 przede wszystkim doskona\u0142\u0105 platform\u0119 do nawi\u0105zywania w jednym miejscu kontakt\u00f3w biznesowych z potencjalnymi kontrahentami z Francji i ca\u0142ego \u015bwiata. Polskie firmy wystawiaj\u0105ce si\u0119 pod szyldem \u201ePoland tastes good\u201d mog\u0142y zaprezentowa\u0107 swoj\u0105 ofert\u0119 eksportow\u0105 i najnowsze produkty 285.000 zwiedzaj\u0105cych z 200 kraj\u00f3w. Oko\u0142o 85% zwiedzaj\u0105cych targi pochodzi\u0142o spoza Francji.<\/p>\n<p>Targi SIAL Paris to obowi\u0105zkowy punkt programu w ka\u017cdym pa\u017adzierniku w latach parzystych w kalendarzu przedsi\u0119biorc\u00f3w dzia\u0142aj\u0105cych w bran\u017cy spo\u017cywczej. Systematyczna obecno\u015b\u0107 na SIAL Paris w charakterze wystawcy, poza nawi\u0105zaniem nowych kontakt\u00f3w biznesowych, pomaga ugruntowa\u0107 swoj\u0105 pozycj\u0119 w bran\u017cy.<\/p>\n<p>Kolejna edycja SIAL Paris odb\u0119dzie si\u0119 w dniach 17-21 pa\u017adziernika 2026 roku. KOWR planuje w nich sw\u00f3j udzia\u0142 po raz si\u00f3dmy.<\/p>\n","protected":false},"excerpt":{"rendered":"<p>W dniach 19-23 pa\u017adziernika 2024 roku odby\u0142y si\u0119 w Pary\u017cu targi SIAL Paris \u2013 jedna z najwa\u017cniejszych i najwi\u0119kszych imprez wystawienniczych bran\u017cy spo\u017cywczej na \u015bwiecie. 60. edycja paryskich targ\u00f3w, kt\u00f3re&#8230;<\/p>\n","protected":false},"author":9,"featured_media":20196,"comment_status":"open","ping_status":"open","sticky":false,"template":"","format":"standard","meta":{"_acf_changed":false,"footnotes":""},"categories":[35],"tags":[],"acf":[],"_links":{"self":[{"href":"https:\/\/www.polandtastesgood.pl\/pl\/wp-json\/wp\/v2\/posts\/20146"}],"collection":[{"href":"https:\/\/www.polandtastesgood.pl\/pl\/wp-json\/wp\/v2\/posts"}],"about":[{"href":"https:\/\/www.polandtastesgood.pl\/pl\/wp-json\/wp\/v2\/types\/post"}],"author":[{"embeddable":true,"href":"https:\/\/www.polandtastesgood.pl\/pl\/wp-json\/wp\/v2\/users\/9"}],"replies":[{"embeddable":true,"href":"https:\/\/www.polandtastesgood.pl\/pl\/wp-json\/wp\/v2\/comments?post=20146"}],"version-history":[{"count":3,"href":"https:\/\/www.polandtastesgood.pl\/pl\/wp-json\/wp\/v2\/posts\/20146\/revisions"}],"predecessor-version":[{"id":20205,"href":"https:\/\/www.polandtastesgood.pl\/pl\/wp-json\/wp\/v2\/posts\/20146\/revisions\/20205"}],"wp:featuredmedia":[{"embeddable":true,"href":"https:\/\/www.polandtastesgood.pl\/pl\/wp-json\/wp\/v2\/media\/20196"}],"wp:attachment":[{"href":"https:\/\/www.polandtastesgood.pl\/pl\/wp-json\/wp\/v2\/media?parent=20146"}],"wp:term":[{"taxonomy":"category","embeddable":true,"href":"https:\/\/www.polandtastesgood.pl\/pl\/wp-json\/wp\/v2\/categories?post=20146"},{"taxonomy":"post_tag","embeddable":true,"href":"https:\/\/www.polandtastesgood.pl\/pl\/wp-json\/wp\/v2\/tags?post=20146"}],"curies":[{"name":"wp","href":"https:\/\/api.w.org\/{rel}","templated":true}]}}