{"id":1647,"date":"2021-04-07T00:40:54","date_gmt":"2021-04-06T22:40:54","guid":{"rendered":"https:\/\/www.polandtastesgood.pl\/?p=1647"},"modified":"2021-04-07T00:56:48","modified_gmt":"2021-04-06T22:56:48","slug":"polskie-stoisko-narodowe-na-targach-foodex-japan-2021","status":"publish","type":"post","link":"https:\/\/www.polandtastesgood.pl\/pl\/aktualnosci\/polskie-stoisko-narodowe-na-targach-foodex-japan-2021\/","title":{"rendered":"Polskie stoisko narodowe na targach Foodex Japan 2021"},"content":{"rendered":"<p class=\"intro_text\">12 marca br. w Tokio w Japonii zako\u0144czy\u0142y si\u0119 jedne z najwi\u0119kszych mi\u0119dzynarodowych targ\u00f3w bran\u017cy spo\u017cywczej w tym kraju &#8211; Foodex Japan 2021, podczas kt\u00f3rych Krajowy O\u015brodek Wsparcia Rolnictwa, zgodnie ze strategi\u0105 okre\u015blon\u0105 przez Ministerstwo Rolnictwa i Rozwoju Wsi, zorganizowa\u0142 polskie stoisko narodowe.<\/p>\n<p>Ze wzgl\u0119du na obecn\u0105 sytuacj\u0119 epidemiczn\u0105 oraz szereg wprowadzonych ogranicze\u0144, w tym w lotniczym osobowym ruchu mi\u0119dzynarodowym, w zorganizowanym przez KOWR stoisku informacyjno-promocyjnym nie mogli osobi\u015bcie uczestniczy\u0107 polscy przedsi\u0119biorcy. Mimo tego odwiedzaj\u0105cy targi mieli mo\u017cliwo\u015b\u0107 zapoznania si\u0119 z prezentowan\u0105 na polskim stoisku ofert\u0105 produktow\u0105 21 polskich firm reprezentuj\u0105cych nast\u0119puj\u0105ce grupy produktowe: produkty ekologiczne, soki i napoje, produkty \u015bniadaniowe, s\u0142odycze, makarony, mro\u017cone warzywa i owoce, produkty mleczarskie oraz mi\u0119sne.<\/p>\n<p>Stoisko obs\u0142ugiwane by\u0142o przez obecnych na miejscu przedstawicieli Ambasady RP oraz Zagranicznego Biura Handlowego PAIH w Tokio, kt\u00f3rzy prezentowali polski sektor rolno-spo\u017cywczy i udzielali informacji o polskiej ofercie produktowej.<\/p>\n<p>Ponadto polskie stoisko narodowe odwiedzi\u0142 Ambasador RP w Japonii Pan Pawe\u0142 Milewski, a tak\u017ce przedstawiciele japo\u0144skich urz\u0119d\u00f3w pa\u0144stwowych: Pan Minoru Kihara \u2013 Specjalny Doradca Premiera Japonii i \u00a0Pan Shigetoshi Ikeyama z Ministerstwa Rolnictwa, Le\u015bnictwa i Rybo\u0142\u00f3wstwa MAFF.<\/p>\n<p>Wizyty oficjalne przeplatane by\u0142y spotkaniami z japo\u0144skimi importerami i przedstawicielami sieci handlowych, niezmiennie poszukuj\u0105cymi nowych, konkurencyjnych produkt\u00f3w.<\/p>\n<p>Polska oferta eksportowa cieszy\u0142a si\u0119 du\u017cym zainteresowaniem, a nawi\u0105zane kontakty pozostan\u0105 doskona\u0142\u0105 okazj\u0105 do dalszych rozm\u00f3w.<\/p>\n","protected":false},"excerpt":{"rendered":"<p>12 marca br. w Tokio w Japonii zako\u0144czy\u0142y si\u0119 jedne z najwi\u0119kszych mi\u0119dzynarodowych targ\u00f3w bran\u017cy spo\u017cywczej w tym kraju &#8211; Foodex Japan 2021, podczas kt\u00f3rych Krajowy O\u015brodek Wsparcia Rolnictwa, zgodnie&#8230;<\/p>\n","protected":false},"author":9,"featured_media":1573,"comment_status":"open","ping_status":"open","sticky":false,"template":"","format":"standard","meta":{"_acf_changed":false,"footnotes":""},"categories":[35],"tags":[],"acf":[],"_links":{"self":[{"href":"https:\/\/www.polandtastesgood.pl\/pl\/wp-json\/wp\/v2\/posts\/1647"}],"collection":[{"href":"https:\/\/www.polandtastesgood.pl\/pl\/wp-json\/wp\/v2\/posts"}],"about":[{"href":"https:\/\/www.polandtastesgood.pl\/pl\/wp-json\/wp\/v2\/types\/post"}],"author":[{"embeddable":true,"href":"https:\/\/www.polandtastesgood.pl\/pl\/wp-json\/wp\/v2\/users\/9"}],"replies":[{"embeddable":true,"href":"https:\/\/www.polandtastesgood.pl\/pl\/wp-json\/wp\/v2\/comments?post=1647"}],"version-history":[{"count":0,"href":"https:\/\/www.polandtastesgood.pl\/pl\/wp-json\/wp\/v2\/posts\/1647\/revisions"}],"wp:featuredmedia":[{"embeddable":true,"href":"https:\/\/www.polandtastesgood.pl\/pl\/wp-json\/wp\/v2\/media\/1573"}],"wp:attachment":[{"href":"https:\/\/www.polandtastesgood.pl\/pl\/wp-json\/wp\/v2\/media?parent=1647"}],"wp:term":[{"taxonomy":"category","embeddable":true,"href":"https:\/\/www.polandtastesgood.pl\/pl\/wp-json\/wp\/v2\/categories?post=1647"},{"taxonomy":"post_tag","embeddable":true,"href":"https:\/\/www.polandtastesgood.pl\/pl\/wp-json\/wp\/v2\/tags?post=1647"}],"curies":[{"name":"wp","href":"https:\/\/api.w.org\/{rel}","templated":true}]}}