{"id":1643,"date":"2021-04-07T00:10:32","date_gmt":"2021-04-06T22:10:32","guid":{"rendered":"https:\/\/www.polandtastesgood.pl\/?p=1643"},"modified":"2021-04-07T00:20:57","modified_gmt":"2021-04-06T22:20:57","slug":"polskie-stoisko-narodowe-na-targach-gulfood-2021-w-zea","status":"publish","type":"post","link":"https:\/\/www.polandtastesgood.pl\/pl\/aktualnosci\/polskie-stoisko-narodowe-na-targach-gulfood-2021-w-zea\/","title":{"rendered":"Polskie stoisko narodowe na targach Gulfood 2021 w ZEA"},"content":{"rendered":"<p class=\"intro_text\">W dniach 21 &#8211; 25 lutego 2021 r., w Dubaju w Zjednoczonych Emiratach Arabskich, odby\u0142a si\u0119 26 edycja mi\u0119dzynarodowych targ\u00f3w Gulfood, jednych z najwi\u0119kszych i najwa\u017cniejszych wydarze\u0144 bran\u017cy spo\u017cywczej na Bliskim Wschodzie z udzia\u0142em Krajowego O\u015brodka Wsparcia Rolnictwa.<\/p>\n<p>KOWR, zgodnie ze strategi\u0105 okre\u015blon\u0105 przez Ministerstwo Rolnictwa i Rozwoju Wsi, w ramach realizacji dzia\u0142a\u0144 promuj\u0105cych polskie artyku\u0142y rolno-spo\u017cywcze na rynkach zagranicznych, po raz pi\u0105ty zorganizowa\u0142 na targach Gulfood polskie stoisko narodowe pod has\u0142em \u201ePoland tastes good\u201d. Uroczystego otwarcia stoiska dokona\u0142 Pan Jakub S\u0142awek, charg\u00e9 d&#8217;affaires w Ambasadzie RP w Abu Zabi.<\/p>\n<p>Polskie stoisko narodowe zlokalizowane by\u0142o w trzech halach bran\u017cowych: Sheik Saeed Hall nr 3, gdzie znajdowa\u0142o si\u0119 g\u0142\u00f3wne stoisko KOWR, a tak\u017ce w hali mlecznej (Al Mulaqua Hall nr 2) oraz w hali napoj\u00f3w (Za\u2019abeel\u00a0 Hall nr 5). W hali g\u0142\u00f3wnej i mlecznej swoje produkty prezentowa\u0142o \u0142\u0105cznie 9 wystawc\u00f3w polskiej bran\u017cy spo\u017cywczej, natomiast w hali dedykowanej napojom zorganizowany zosta\u0142 showroom z napojami 6 polskich firm. Nale\u017cy podkre\u015bli\u0107, \u017ce by\u0142o to pierwsze stoisko narodowe na targach zagranicznych zorganizowane przez KOWR z bezpo\u015brednim udzia\u0142em przedsi\u0119biorc\u00f3w od momentu og\u0142oszenia pandemii COVID-19. Stoisko przygotowane zosta\u0142o z zachowaniem wszystkich wymaga\u0144 bezpiecze\u0144stwa sanitarnego, okre\u015blonych przez organizatora targ\u00f3w. Na g\u0142\u00f3wnym polskim stoisku narodowym zwiedzaj\u0105cy targi mogli spr\u00f3bowa\u0107 tradycyjnych polskich da\u0144, serwowanych przez polskich szef\u00f3w kuchni w ramach odbywaj\u0105cych si\u0119 na stoisku pokaz\u00f3w kulinarnych.<\/p>\n<p>Na zaproszenie Pani Katarzyny Rze\u017aniczek &#8211; Radcy ds. rolnych Ambasady RP polskie stoisko narodowe odwiedzili m.in.:<\/p>\n<ul>\n<li>Minister Zmian Klimatu i \u015arodowiska PZEA, Pan dr Abdullah\u00a0bin Mohammed Belhaif Al Nuaimi,<\/li>\n<li>Podsekretarz Stanu nadzoruj\u0105cy w ww. Ministerstwie kwestie bezpiecze\u0144stwa \u017cywno\u015bci, Pan in\u017c. Saif Al Shara,<\/li>\n<li>Cz\u0142onek Rodziny Kr\u00f3lewskiej Emiratu Szard\u017ca, Szejk Ahmed bin Fasal Al Qassimi,<\/li>\n<li>Dyrektor Sekcji Kontroli Handlu \u017bywno\u015bci\u0105 w Dubai Municipality, Pan dr Essam Al Hashimi,<\/li>\n<li>Dyrektor targ\u00f3w Gulfood DWTC, Pan Mark Napier.<\/li>\n<\/ul>\n<p>Polskie stoisko narodowe odwiedzi\u0142 r\u00f3wnie\u017c Komisarz Generalny Polskiego Pawilonu na EXPO 2020, Pan Adrian Malinowski, kt\u00f3ry przedstawi\u0142 wystawcom mo\u017cliwo\u015bci wykorzystania przestrzeni polskiego pawilonu EXPO na wsp\u00f3lne i indywidualne dzia\u0142ania promocyjne.<\/p>\n<p>Dodatkowo na polskim stoisku narodowym odby\u0142y si\u0119 spotkania z przedstawicielami lokalnych instytucji oraz firm zorganizowane dla wystawc\u00f3w przy wsparciu Pani Katarzyny Rze\u017aniczek Radcy ds. rolnych Ambasady RP oraz Pani Anny Tukalskiej z Zagranicznego Biura Handlowego PAIH w Dubaju. Celem ww. spotka\u0144 by\u0142o u\u0142atwienie funkcjonowania polskich firm na rynku ZEA.<\/p>\n","protected":false},"excerpt":{"rendered":"<p>W dniach 21 &#8211; 25 lutego 2021 r., w Dubaju w Zjednoczonych Emiratach Arabskich, odby\u0142a si\u0119 26 edycja mi\u0119dzynarodowych targ\u00f3w Gulfood, jednych z najwi\u0119kszych i najwa\u017cniejszych wydarze\u0144 bran\u017cy spo\u017cywczej na&#8230;<\/p>\n","protected":false},"author":9,"featured_media":1524,"comment_status":"open","ping_status":"open","sticky":false,"template":"","format":"standard","meta":{"_acf_changed":false,"footnotes":""},"categories":[35],"tags":[],"acf":[],"_links":{"self":[{"href":"https:\/\/www.polandtastesgood.pl\/pl\/wp-json\/wp\/v2\/posts\/1643"}],"collection":[{"href":"https:\/\/www.polandtastesgood.pl\/pl\/wp-json\/wp\/v2\/posts"}],"about":[{"href":"https:\/\/www.polandtastesgood.pl\/pl\/wp-json\/wp\/v2\/types\/post"}],"author":[{"embeddable":true,"href":"https:\/\/www.polandtastesgood.pl\/pl\/wp-json\/wp\/v2\/users\/9"}],"replies":[{"embeddable":true,"href":"https:\/\/www.polandtastesgood.pl\/pl\/wp-json\/wp\/v2\/comments?post=1643"}],"version-history":[{"count":0,"href":"https:\/\/www.polandtastesgood.pl\/pl\/wp-json\/wp\/v2\/posts\/1643\/revisions"}],"wp:featuredmedia":[{"embeddable":true,"href":"https:\/\/www.polandtastesgood.pl\/pl\/wp-json\/wp\/v2\/media\/1524"}],"wp:attachment":[{"href":"https:\/\/www.polandtastesgood.pl\/pl\/wp-json\/wp\/v2\/media?parent=1643"}],"wp:term":[{"taxonomy":"category","embeddable":true,"href":"https:\/\/www.polandtastesgood.pl\/pl\/wp-json\/wp\/v2\/categories?post=1643"},{"taxonomy":"post_tag","embeddable":true,"href":"https:\/\/www.polandtastesgood.pl\/pl\/wp-json\/wp\/v2\/tags?post=1643"}],"curies":[{"name":"wp","href":"https:\/\/api.w.org\/{rel}","templated":true}]}}