{"id":11566,"date":"2024-06-04T10:02:25","date_gmt":"2024-06-04T08:02:25","guid":{"rendered":"https:\/\/www.polandtastesgood.pl\/?p=11566"},"modified":"2024-06-05T21:46:40","modified_gmt":"2024-06-05T19:46:40","slug":"polskie-stoisko-narodowe-na-targach-interfood-azerbaijan-2024-otrzymuje-nagrode-w-kategorii-najbardziej-innowacyjne-stoisko","status":"publish","type":"post","link":"https:\/\/www.polandtastesgood.pl\/pl\/aktualnosci\/polskie-stoisko-narodowe-na-targach-interfood-azerbaijan-2024-otrzymuje-nagrode-w-kategorii-najbardziej-innowacyjne-stoisko\/","title":{"rendered":"Polskie stoisko narodowe na targach Interfood Azerbaijan 2024 otrzymuje nagrod\u0119 w kategorii \u201eNajbardziej innowacyjne stoisko\u201d"},"content":{"rendered":"<div class=\"editor-content\">\n<div>\n<p>W dniach 15-17 maja 2024 r. w Baku w Azerbejd\u017canie mia\u0142a miejsce kolejna edycja wiod\u0105cych w tym kraju targ\u00f3w Interfood Azerbaijan.<\/p>\n<p>Krajowy O\u015brodek Wsparcia Rolnictwa, zgodnie ze strategi\u0105 okre\u015blon\u0105 przez Ministerstwo Rolnictwa i Rozwoju Wsi, w ramach realizacji dzia\u0142a\u0144 promuj\u0105cych polskie artyku\u0142y rolno-spo\u017cywcze na rynkach zagranicznych, po raz pierwszy zorganizowa\u0142 na ww. targach stoisko narodowe pod has\u0142em \u201ePoland tastes good\u201d.<\/p>\n<p>Stoisko zosta\u0142o wyr\u00f3\u017cnione nagrod\u0105 za innowacyjno\u015b\u0107.<\/p>\n<p>Uroczystego otwarcia stoiska dokona\u0142 Micha\u0142 Greczy\u0142o \u2013 Kierownik Wydzia\u0142u Polityczno-Ekonomicznego Ambasady RP w Baku wraz z przedstawicielami KOWR i zaproszonymi go\u015b\u0107mi.<\/p>\n<p>Polskie firmy z sektora spo\u017cywczego zaprezentowa\u0142y: owoce i warzywa, soki, produkty rybne, przek\u0105ski, s\u0142odycze, \u017cywno\u015b\u0107 ekologiczn\u0105 oraz dodatki cukiernicze do jogurt\u00f3w i lod\u00f3w. Stoisko narodowe cieszy\u0142o si\u0119 du\u017cym zainteresowaniem w\u015br\u00f3d odwiedzaj\u0105cych targi.<\/p>\n<p>We wsp\u00f3\u0142pracy z Ambasad\u0105 RP w Baku, w dniu poprzedzaj\u0105cym targi, zorganizowane zosta\u0142y tak\u017ce spotkania biznesowe polskich firm z przedstawicielami najwi\u0119kszych lokalnych sieci handlowych.<\/p>\n<p>Azerbejd\u017can to rynek perspektywiczny dla eksportu polskiej \u017cywno\u015bci. Warto\u015b\u0107 wyeksportowanych w 2023 roku z Polski do Azerbejd\u017canu produkt\u00f3w rolno-spo\u017cywczych by\u0142a o 43 % wi\u0119ksza ni\u017c w roku 2022 i ponad dwukrotnie wi\u0119ksza ni\u017c w roku 2021. G\u0142\u00f3wnymi eksportowanymi produktami by\u0142y s\u0142odycze czekoladowe, syropy cukrowe oraz mieszanki mro\u017conych warzyw.<\/p>\n<\/div>\n<\/div>\n<p>***<\/p>\n<p>Katalogi wystawc\u00f3w<\/p>\n<div class=\"editor-content\">\n<ul>\n<li><a href=\"https:\/\/www.polandtastesgood.pl\/wp-content\/uploads\/2024\/04\/catalogue_AZERBAIJAN_2024_ENG.pdf\" target=\"_blank\" rel=\"noopener\">INTERFOOD AZERBAIJAN 2024 ENG<\/a><\/li>\n<li><a href=\"https:\/\/www.polandtastesgood.pl\/wp-content\/uploads\/2024\/04\/catalogue_AZERBAIJAN_2024_AZER.pdf.pdf\" target=\"_blank\" rel=\"noopener\">INTERFOOD AZERBAIJAN 2024 AZER<\/a><\/li>\n<\/ul>\n<\/div>\n","protected":false},"excerpt":{"rendered":"<p>W dniach 15-17 maja 2024 r. w Baku w Azerbejd\u017canie mia\u0142a miejsce kolejna edycja wiod\u0105cych w tym kraju targ\u00f3w Interfood Azerbaijan. Krajowy O\u015brodek Wsparcia Rolnictwa, zgodnie ze strategi\u0105 okre\u015blon\u0105 przez&#8230;<\/p>\n","protected":false},"author":9,"featured_media":11667,"comment_status":"open","ping_status":"open","sticky":false,"template":"","format":"standard","meta":{"_acf_changed":false,"footnotes":""},"categories":[35],"tags":[],"acf":[],"_links":{"self":[{"href":"https:\/\/www.polandtastesgood.pl\/pl\/wp-json\/wp\/v2\/posts\/11566"}],"collection":[{"href":"https:\/\/www.polandtastesgood.pl\/pl\/wp-json\/wp\/v2\/posts"}],"about":[{"href":"https:\/\/www.polandtastesgood.pl\/pl\/wp-json\/wp\/v2\/types\/post"}],"author":[{"embeddable":true,"href":"https:\/\/www.polandtastesgood.pl\/pl\/wp-json\/wp\/v2\/users\/9"}],"replies":[{"embeddable":true,"href":"https:\/\/www.polandtastesgood.pl\/pl\/wp-json\/wp\/v2\/comments?post=11566"}],"version-history":[{"count":3,"href":"https:\/\/www.polandtastesgood.pl\/pl\/wp-json\/wp\/v2\/posts\/11566\/revisions"}],"predecessor-version":[{"id":11674,"href":"https:\/\/www.polandtastesgood.pl\/pl\/wp-json\/wp\/v2\/posts\/11566\/revisions\/11674"}],"wp:featuredmedia":[{"embeddable":true,"href":"https:\/\/www.polandtastesgood.pl\/pl\/wp-json\/wp\/v2\/media\/11667"}],"wp:attachment":[{"href":"https:\/\/www.polandtastesgood.pl\/pl\/wp-json\/wp\/v2\/media?parent=11566"}],"wp:term":[{"taxonomy":"category","embeddable":true,"href":"https:\/\/www.polandtastesgood.pl\/pl\/wp-json\/wp\/v2\/categories?post=11566"},{"taxonomy":"post_tag","embeddable":true,"href":"https:\/\/www.polandtastesgood.pl\/pl\/wp-json\/wp\/v2\/tags?post=11566"}],"curies":[{"name":"wp","href":"https:\/\/api.w.org\/{rel}","templated":true}]}}