{"id":5872,"date":"2023-03-09T09:40:08","date_gmt":"2023-03-09T08:40:08","guid":{"rendered":"https:\/\/www.polandtastesgood.pl\/actualites\/stand-national-de-la-pologne-au-salon-biofach-2023\/"},"modified":"2023-03-29T10:30:39","modified_gmt":"2023-03-29T08:30:39","slug":"stand-national-de-la-pologne-au-salon-biofach-2023","status":"publish","type":"post","link":"https:\/\/www.polandtastesgood.pl\/fr\/actualites\/stand-national-de-la-pologne-au-salon-biofach-2023\/","title":{"rendered":"Stand national de la Pologne au salon Biofach 2023"},"content":{"rendered":"<p>Une nouvelle \u00e9dition du principal salon international de l&rsquo;alimentation biologique, Biofach, a eu lieu \u00e0 Nuremberg, en Allemagne, du 14 au 17 f\u00e9vrier 2023. Selon les estimations, l&rsquo;\u00e9dition de cette ann\u00e9e a attir\u00e9 plus de 2 000 exposants et plus de 20 000 visiteurs. Le salon \u00e9tait accompagn\u00e9 de nombreuses conf\u00e9rences, s\u00e9minaires, tables rondes et concours des meilleurs produits bio.<br \/>\nLe Centre national du Soutien \u00e0 l&rsquo;Agriculture (KOWR) a de nouveau organis\u00e9 un stand national polonais dans le cadre des activit\u00e9s de promotion \u00e0 l&rsquo;\u00e9tranger approuv\u00e9es par le minist\u00e8re polonais de l&rsquo;Agriculture et du D\u00e9veloppement rural. L&rsquo;offre polonaise d&rsquo;exportation d&rsquo;aliments biologiques a \u00e9t\u00e9 promue par des entreprises individuelles, ainsi que par des entreprises affili\u00e9es \u00e0 des organisations industrielles telles que la Chambre polonaise de l&rsquo;alimentation biologique et l&rsquo;Association polonaise des transformateurs et producteurs de produits biologiques \u00ab Polska Ekologia \u00bb.<br \/>\nLes exposants ont pr\u00e9sent\u00e9, entre autres, des jus de fruits et de l\u00e9gumes, du caf\u00e9, du miel, des th\u00e9s et des herbes, des fruits frais et surgel\u00e9s, ainsi que des l\u00e9gumes, des p\u00e2tes, des farines, des gruaux et autres produits c\u00e9r\u00e9aliers, des produits sans gluten, des huiles, des \u0153ufs et du poisson.<br \/>\nEn outre, le stand polonais a accueilli des d\u00e9monstrations culinaires, au cours desquelles les visiteurs du salon ont pu d\u00e9guster des plats polonais traditionnels servis par des chefs polonais.<br \/>\nLe stand national et les produits biologiques polonais ont \u00e9t\u00e9 tr\u00e8s populaires aupr\u00e8s des visiteurs du salon.<\/p>\n","protected":false},"excerpt":{"rendered":"<p>Une nouvelle \u00e9dition du principal salon international de l&rsquo;alimentation biologique, Biofach, a eu lieu \u00e0 Nuremberg, en Allemagne, du 14 au 17 f\u00e9vrier 2023. Selon les estimations, l&rsquo;\u00e9dition de cette&#8230;<\/p>\n","protected":false},"author":9,"featured_media":5625,"comment_status":"open","ping_status":"open","sticky":false,"template":"","format":"standard","meta":{"_acf_changed":false,"footnotes":""},"categories":[159],"tags":[],"acf":[],"_links":{"self":[{"href":"https:\/\/www.polandtastesgood.pl\/fr\/wp-json\/wp\/v2\/posts\/5872"}],"collection":[{"href":"https:\/\/www.polandtastesgood.pl\/fr\/wp-json\/wp\/v2\/posts"}],"about":[{"href":"https:\/\/www.polandtastesgood.pl\/fr\/wp-json\/wp\/v2\/types\/post"}],"author":[{"embeddable":true,"href":"https:\/\/www.polandtastesgood.pl\/fr\/wp-json\/wp\/v2\/users\/9"}],"replies":[{"embeddable":true,"href":"https:\/\/www.polandtastesgood.pl\/fr\/wp-json\/wp\/v2\/comments?post=5872"}],"version-history":[{"count":1,"href":"https:\/\/www.polandtastesgood.pl\/fr\/wp-json\/wp\/v2\/posts\/5872\/revisions"}],"predecessor-version":[{"id":5982,"href":"https:\/\/www.polandtastesgood.pl\/fr\/wp-json\/wp\/v2\/posts\/5872\/revisions\/5982"}],"wp:featuredmedia":[{"embeddable":true,"href":"https:\/\/www.polandtastesgood.pl\/fr\/wp-json\/wp\/v2\/media\/5625"}],"wp:attachment":[{"href":"https:\/\/www.polandtastesgood.pl\/fr\/wp-json\/wp\/v2\/media?parent=5872"}],"wp:term":[{"taxonomy":"category","embeddable":true,"href":"https:\/\/www.polandtastesgood.pl\/fr\/wp-json\/wp\/v2\/categories?post=5872"},{"taxonomy":"post_tag","embeddable":true,"href":"https:\/\/www.polandtastesgood.pl\/fr\/wp-json\/wp\/v2\/tags?post=5872"}],"curies":[{"name":"wp","href":"https:\/\/api.w.org\/{rel}","templated":true}]}}