{"id":4054,"date":"2022-05-24T12:17:11","date_gmt":"2022-05-24T10:17:11","guid":{"rendered":"https:\/\/www.polandtastesgood.pl\/actualites\/stand-national-de-la-pologne-au-salon-de-freskon-2022\/"},"modified":"2022-05-24T12:28:55","modified_gmt":"2022-05-24T10:28:55","slug":"stand-national-de-la-pologne-au-salon-de-freskon-2022","status":"publish","type":"post","link":"https:\/\/www.polandtastesgood.pl\/fr\/actualites\/stand-national-de-la-pologne-au-salon-de-freskon-2022\/","title":{"rendered":"Stand national de la Pologne au salon de FRESKON 2022"},"content":{"rendered":"<p>Du 12 au 14 mai 2022 le Centre national du Soutien \u00e0 l&rsquo;Agriculture (KOWR) a particip\u00e9 avec succ\u00e8s \u00e0 la 6e \u00e9dition du Salon International des fruits et l\u00e9gumes FRESKON \u00e0 Thessalonique, en Gr\u00e8ce. Pour la premi\u00e8re fois lors de cet \u00e9v\u00e9nement, le stand d&rsquo;information de superficie de 16 m2 a \u00e9t\u00e9 mis en place dans le cadre d&rsquo;une coop\u00e9ration entre l&rsquo;Ambassade de la R\u00e9publique de Pologne \u00e0 Ath\u00e8nes, le minist\u00e8re de l&rsquo;Agriculture et du D\u00e9veloppement rural et le KOWR. Le pavillon polonais \u00e9tait situ\u00e9 juste \u00e0 c\u00f4t\u00e9 du stand de la Chambre gr\u00e9co-polonaise d&rsquo;Investissement et de Commerce, \u00e9galement reli\u00e9 au Bureau du Commerce ext\u00e9rieur de l\u2019Agence polonaise de l&rsquo;Investissement et du Commerce (PAIH) \u00e0 Ath\u00e8nes. <\/p>\n<p>Le pavillon polonais a \u00e9t\u00e9 remarqu\u00e9 et tr\u00e8s fr\u00e9quent\u00e9 par des politiciens et des repr\u00e9sentants du monde de l&rsquo;\u00e9conomie. Le stand polonais a accueilli, entre autres, le ministre de l&rsquo;Agriculture et de l&rsquo;Alimentation, M. Georgios Georgantas, et le vice-ministre de l&rsquo;Int\u00e9rieur pour la Mac\u00e9doine et la Thrace, M. Stavros Kalafatis. Pr\u00e9sent au salon, l&rsquo;Ambassadeur de la R\u00e9publique de Pologne \u00e0 Ath\u00e8nes, M. Artur Lompart, a particip\u00e9 au Congr\u00e8s international des vergers qui accompagnait le FRESKON et s&rsquo;est ensuite entretenu avec les exposants et les repr\u00e9sentants des entreprises dans le pavillon polonais.<\/p>\n<p>Le salon de FRESKON compte parmi les plus grands \u00e9v\u00e9nements de ce type dans la r\u00e9gion des Balkans et en Europe du Sud-Est. Le th\u00e8me de l&rsquo;\u00e9v\u00e9nement de cette ann\u00e9e \u00e9tait la pomme. L&rsquo;objectif principal de la pr\u00e9sence au salon de FRESKON \u00e9tait donc de promouvoir les pommes polonaises sur le march\u00e9 grec et d&rsquo;encourager les importateurs et distributeurs locaux de fruits \u00e0 les importer. Le stand polonais proposait des d\u00e9pliants et du mat\u00e9riel promotionnel, ainsi que des pommes fra\u00eeches de la r\u00e9gion de Gr\u00f3jec, que les visiteurs du stand pouvaient d\u00e9guster sur place. <\/p>\n<p>La pr\u00e9sence polonaise au salon de FRESKON a \u00e9t\u00e9 tr\u00e8s appr\u00e9ci\u00e9e par les organisateurs et remarqu\u00e9e par les visiteurs ainsi que par les m\u00e9dias locaux. Les pommes polonaises sont d\u00e9j\u00e0 connues et appr\u00e9ci\u00e9es sur le march\u00e9 grec, mais il existe encore un potentiel pour le d\u00e9veloppement des exportations et l&rsquo;augmentation de leur valeur.<\/p>\n","protected":false},"excerpt":{"rendered":"<p>Du 12 au 14 mai 2022 le Centre national du Soutien \u00e0 l&rsquo;Agriculture (KOWR) a particip\u00e9 avec succ\u00e8s \u00e0 la 6e \u00e9dition du Salon International des fruits et l\u00e9gumes FRESKON&#8230;<\/p>\n","protected":false},"author":9,"featured_media":4044,"comment_status":"open","ping_status":"open","sticky":false,"template":"","format":"standard","meta":{"_acf_changed":false,"footnotes":""},"categories":[159],"tags":[],"acf":[],"_links":{"self":[{"href":"https:\/\/www.polandtastesgood.pl\/fr\/wp-json\/wp\/v2\/posts\/4054"}],"collection":[{"href":"https:\/\/www.polandtastesgood.pl\/fr\/wp-json\/wp\/v2\/posts"}],"about":[{"href":"https:\/\/www.polandtastesgood.pl\/fr\/wp-json\/wp\/v2\/types\/post"}],"author":[{"embeddable":true,"href":"https:\/\/www.polandtastesgood.pl\/fr\/wp-json\/wp\/v2\/users\/9"}],"replies":[{"embeddable":true,"href":"https:\/\/www.polandtastesgood.pl\/fr\/wp-json\/wp\/v2\/comments?post=4054"}],"version-history":[{"count":1,"href":"https:\/\/www.polandtastesgood.pl\/fr\/wp-json\/wp\/v2\/posts\/4054\/revisions"}],"predecessor-version":[{"id":4060,"href":"https:\/\/www.polandtastesgood.pl\/fr\/wp-json\/wp\/v2\/posts\/4054\/revisions\/4060"}],"wp:featuredmedia":[{"embeddable":true,"href":"https:\/\/www.polandtastesgood.pl\/fr\/wp-json\/wp\/v2\/media\/4044"}],"wp:attachment":[{"href":"https:\/\/www.polandtastesgood.pl\/fr\/wp-json\/wp\/v2\/media?parent=4054"}],"wp:term":[{"taxonomy":"category","embeddable":true,"href":"https:\/\/www.polandtastesgood.pl\/fr\/wp-json\/wp\/v2\/categories?post=4054"},{"taxonomy":"post_tag","embeddable":true,"href":"https:\/\/www.polandtastesgood.pl\/fr\/wp-json\/wp\/v2\/tags?post=4054"}],"curies":[{"name":"wp","href":"https:\/\/api.w.org\/{rel}","templated":true}]}}