{"id":36815,"date":"2026-04-27T12:20:10","date_gmt":"2026-04-27T10:20:10","guid":{"rendered":"https:\/\/www.polandtastesgood.pl\/actualites\/la-pologne-pays-partenaire-du-salon-alimentaria-2026-a-barcelone\/"},"modified":"2026-04-27T12:27:22","modified_gmt":"2026-04-27T10:27:22","slug":"la-pologne-pays-partenaire-du-salon-alimentaria-2026-a-barcelone","status":"publish","type":"post","link":"https:\/\/www.polandtastesgood.pl\/fr\/actualites\/la-pologne-pays-partenaire-du-salon-alimentaria-2026-a-barcelone\/","title":{"rendered":"La Pologne, pays partenaire du salon Alimentaria 2026 \u00e0 Barcelone"},"content":{"rendered":"<p>Le salon Alimentaria de Barcelone, qui se tient tous les deux ans, est l&rsquo;un des \u00e9v\u00e9nements les plus importants et les plus prestigieux du secteur alimentaire en Espagne et dans toute l&rsquo;Europe. Pour l\u2019\u00e9dition marquant son cinquantenaire, qui s\u2019est tenue du 23 au 26 mars 2026, la Pologne \u00e9tait le pays partenaire. Le KOWR a mis en place \u00e0 Barcelone un stand national imposant et bien visible.<\/p>\n<p>94 exposants polonais ont particip\u00e9 au salon, parmi lesquels 29 entrepreneurs \u00e9taient pr\u00e9sent\u00e9s au stand national pour promouvoir notamment b\u0153uf, porc, volaille et produits carn\u00e9s, produits de la mer, produits laitiers, produits chocolat\u00e9s et confiseries, produits \u00e0 base de prune de Szyd\u0142\u00f3w,\u00a0 produits sans gluten, en-cas sal\u00e9s et sucr\u00e9s, l\u00e9gumes et herbes s\u00e9ch\u00e9s, gaufres aux c\u00e9r\u00e9ales, produits pour petit-d\u00e9jeuner, huiles, vinaigres et plats pr\u00e9par\u00e9s. Tout au long des quatre jours du salon, les chefs polonais ont soutenu les actions promotionnelles des entrepreneurs et du KOWR en pr\u00e9sentant aux visiteurs du stand national, lors de d\u00e9monstrations culinaires, les saveurs et les plats typiques de la cuisine polonaise.<\/p>\n<p>La c\u00e9r\u00e9monie d&rsquo;inauguration du salon, qui s&rsquo;est d\u00e9roul\u00e9e le 23 mars, \u00e9tait pr\u00e9sid\u00e9e par Sa Majest\u00e9 le roi d&rsquo;Espagne Felipe VI et par Luis Planas, ministre espagnol de l&rsquo;Agriculture, de l&rsquo;Alimentation et de la P\u00eache. La visite VIP, \u00e0 laquelle participait le roi Felipe VI, s&rsquo;est \u00e9galement arr\u00eat\u00e9e au stand national polonais, o\u00f9 elle a \u00e9t\u00e9 accueillie par Adam Nowak, sous-secr\u00e9taire d&rsquo;\u00c9tat au minist\u00e8re de l&rsquo;Agriculture et du D\u00e9veloppement rural, Henryk Smolarz, directeur g\u00e9n\u00e9ral du KOWR, et Monika Krzepkowska, charg\u00e9e d&rsquo;affaires de l&rsquo;ambassade de Pologne \u00e0 Madrid.<\/p>\n<p>Lors de cette \u00e9dition du salon Alimentaria \u00e0 Barcelone, la Pologne, en tant que pays partenaire, a eu l&rsquo;occasion unique de mieux faire conna\u00eetre sa gastronomie et sa culture culinaire lors de l&rsquo;un des \u00e9v\u00e9nements les plus importants du secteur alimentaire en Europe. Outre le stand national organis\u00e9 par le KOWR, les visiteurs du salon ont \u00e9galement pu d\u00e9couvrir l&rsquo;offre alimentaire polonaise sur les stands de l&rsquo;Association des bouchers et charcutiers, du Conseil national de l&rsquo;aviculture, des vo\u00efvodies de \u0141\u00f3d\u017a et de \u015awi\u0119tokrzyskie, ainsi que de la Fondation nationale polonaise.<\/p>\n<p>Les produits polonais \u00e9taient \u00e9galement pr\u00e9sents dans un espace de d\u00e9gustation sp\u00e9cialement am\u00e9nag\u00e9, le Buyer\u2019s Lounge, o\u00f9 \u00e9taient propos\u00e9s des produits laitiers, des confiseries et des en-cas. Lors de cette \u00e9dition anniversaire du salon Alimentaria, les produits alimentaires polonais ont fait l&rsquo;objet d&rsquo;une mise en avant particuli\u00e8re, ce qui renforce leur visibilit\u00e9 aupr\u00e8s des distributeurs et des commer\u00e7ants potentiels d&rsquo;Espagne et d&rsquo;autres pays.<\/p>\n<p>Le salon Alimentaria est l&rsquo;un des \u00e9v\u00e9nements les plus importants du secteur alimentaire en Europe ; il a lieu tous les deux ans. Lors de la pr\u00e9c\u00e9dente \u00e9dition, qui s&rsquo;est tenue en mars 2024, le salon a accueilli environ 3 200 exposants venus de 68 pays, et a attir\u00e9 au total quelque 108 000 visiteurs issus de 120 pays.<\/p>\n<p>L&rsquo;Espagne est le septi\u00e8me plus grand destinataire des exportations agroalimentaires polonaises (apr\u00e8s l&rsquo;Allemagne, le Royaume-Uni, la France, les Pays-Bas, la R\u00e9publique tch\u00e8que et l&rsquo;Italie). En 2025, la valeur des exportations agroalimentaires de la Pologne vers l&rsquo;Espagne s&rsquo;\u00e9levait \u00e0 1,99 milliard d&rsquo;euros, soit une hausse de 10 % par rapport \u00e0 2024.<\/p>\n<p>En 2025, les principaux achats de l\u2019Espagne en Pologne ont concern\u00e9 :<br \/>\n&#8211; tabac et produits du tabac : 26%,<br \/>\n&#8211; viande, abats et produits \u00e0 base de viande rouge : 19%,<br \/>\n&#8211; viande et abats de volaille : 16%,<br \/>\n&#8211; produits laitiers : 5%,<br \/>\n&#8211; produits \u00e0 base de c\u00e9r\u00e9ales et de farine : 5%,<br \/>\n&#8211; c\u00e9r\u00e9ales : 4%,<br \/>\n&#8211; aliments pour animaux : 4%,<br \/>\n&#8211; confiseries : 3%.<\/p>\n<p>&nbsp;<\/p>\n<p>Lien vers le catalogue des exposants ayant particip\u00e9 au salon Alimentaria 2026 sous la banni\u00e8re Poland tastes good :<\/p>\n<p><a href=\"https:\/\/www.polandtastesgood.pl\/en\/alimentaria-2026-catalogue-of-exhibitors\/\">Catalogue des exposants polonais Alimentaria 2026 \u2013 EN<\/a><\/p>\n","protected":false},"excerpt":{"rendered":"<p>Le salon Alimentaria de Barcelone, qui se tient tous les deux ans, est l&rsquo;un des \u00e9v\u00e9nements les plus importants et les plus prestigieux du secteur alimentaire en Espagne et dans&#8230;<\/p>\n","protected":false},"author":9,"featured_media":35630,"comment_status":"closed","ping_status":"closed","sticky":false,"template":"","format":"standard","meta":{"_acf_changed":false,"footnotes":""},"categories":[159],"tags":[],"acf":[],"_links":{"self":[{"href":"https:\/\/www.polandtastesgood.pl\/fr\/wp-json\/wp\/v2\/posts\/36815"}],"collection":[{"href":"https:\/\/www.polandtastesgood.pl\/fr\/wp-json\/wp\/v2\/posts"}],"about":[{"href":"https:\/\/www.polandtastesgood.pl\/fr\/wp-json\/wp\/v2\/types\/post"}],"author":[{"embeddable":true,"href":"https:\/\/www.polandtastesgood.pl\/fr\/wp-json\/wp\/v2\/users\/9"}],"replies":[{"embeddable":true,"href":"https:\/\/www.polandtastesgood.pl\/fr\/wp-json\/wp\/v2\/comments?post=36815"}],"version-history":[{"count":2,"href":"https:\/\/www.polandtastesgood.pl\/fr\/wp-json\/wp\/v2\/posts\/36815\/revisions"}],"predecessor-version":[{"id":36818,"href":"https:\/\/www.polandtastesgood.pl\/fr\/wp-json\/wp\/v2\/posts\/36815\/revisions\/36818"}],"wp:featuredmedia":[{"embeddable":true,"href":"https:\/\/www.polandtastesgood.pl\/fr\/wp-json\/wp\/v2\/media\/35630"}],"wp:attachment":[{"href":"https:\/\/www.polandtastesgood.pl\/fr\/wp-json\/wp\/v2\/media?parent=36815"}],"wp:term":[{"taxonomy":"category","embeddable":true,"href":"https:\/\/www.polandtastesgood.pl\/fr\/wp-json\/wp\/v2\/categories?post=36815"},{"taxonomy":"post_tag","embeddable":true,"href":"https:\/\/www.polandtastesgood.pl\/fr\/wp-json\/wp\/v2\/tags?post=36815"}],"curies":[{"name":"wp","href":"https:\/\/api.w.org\/{rel}","templated":true}]}}