{"id":36812,"date":"2026-04-27T12:13:06","date_gmt":"2026-04-27T10:13:06","guid":{"rendered":"https:\/\/www.polandtastesgood.pl\/noticias\/polonia-pais-de-honor-en-la-feria-alimentaria-2026-en-barcelona\/"},"modified":"2026-04-27T12:21:36","modified_gmt":"2026-04-27T10:21:36","slug":"polonia-pais-de-honor-en-la-feria-alimentaria-2026-en-barcelona","status":"publish","type":"post","link":"https:\/\/www.polandtastesgood.pl\/es\/noticias\/polonia-pais-de-honor-en-la-feria-alimentaria-2026-en-barcelona\/","title":{"rendered":"Polonia, el Pa\u00eds de Honor en la feria Alimentaria 2026 en Barcelona"},"content":{"rendered":"<p>La feria Alimentaria, que se celebra cada dos a\u00f1os en Barcelona, es uno de los eventos feriales m\u00e1s grandes y prestigiosos del sector alimentario en Espa\u00f1a y en toda Europa. Durante la 50.\u00aa edici\u00f3n, celebrada del 23 al 26 de marzo de 2026, Polonia fue el Pa\u00eds de Honor. El Centro Nacional de Apoyo a la Agricultura (KOWR) organiz\u00f3 en Barcelona un estand nacional grande y llamativo.<\/p>\n<p>En la feria participaron 94 expositores polacos, de los cuales 29 empresarios se presentaron en el estand nacional, promocionando, entre otros: carne de vacuno, carne de cerdo, aves de corral y productos c\u00e1rnicos procesados, productos de pescado, l\u00e1cteos y derivados de la leche, productos de chocolate y dulces, productos elaborados con ciruela de Szyd\u0142\u00f3w, productos sin gluten, aperitivos salados y dulces, verduras y hierbas deshidratadas, barquillos de cereales, productos para el desayuno, aceites, vinagres y platos preparados. Durante los cuatro d\u00edas que dur\u00f3 la feria, los cocineros polacos apoyaron las actividades promocionales de los empresarios y del KOWR, dando a conocer a los visitantes del estand nacional durante sus demostraciones culinarias los sabores y platos t\u00edpicos de la cocina polaca.<\/p>\n<p>La ceremonia de inauguraci\u00f3n de la feria, celebrada el 23 de marzo de este a\u00f1o, estuvo presidida por Su Majestad el Rey Felipe VI de Espa\u00f1a y por el ministro de Agricultura, Alimentaci\u00f3n y Pesca de Espa\u00f1a, Luis Planas. La visita VIP, en la que particip\u00f3 el rey Felipe VI, tambi\u00e9n incluy\u00f3 una visita al estand nacional polaco, donde fue recibido por Adam Nowak, subsecretario de Estado del Ministerio de Agricultura y Desarrollo Rural, Henryk Smolarz, director general del KOWR, y Monika Krzepkowska, encargada de negocios de la Embajada de la Rep\u00fablica de Polonia en Madrid.<\/p>\n<p>Durante la edici\u00f3n de este a\u00f1o de la feria Alimentaria de Barcelona, Polonia, gracias a su condici\u00f3n de pa\u00eds invitado, tuvo una oportunidad \u00fanica de dar a conocer m\u00e1s ampliamente sus productos alimenticios y su cultura culinaria en uno de los eventos feriales m\u00e1s importantes del sector alimentario en Europa. Adem\u00e1s del estand nacional organizado por el KOWR, los visitantes de la feria pudieron conocer la oferta alimentaria polaca tambi\u00e9n en los estands de la Asociaci\u00f3n de Carniceros y Charcuteros y del Consejo Nacional de Avicultura, de los voivodatos de \u0141\u00f3d\u017a y \u015awi\u0119tokrzyskie, as\u00ed como de la Fundaci\u00f3n Nacional de Polonia.<\/p>\n<p>Adem\u00e1s, los productos polacos estuvieron presentes en la zona de degustaci\u00f3n Buyer\u2019s Lounge, organizada especialmente para la ocasi\u00f3n, donde expusimos productos l\u00e1cteos, dulces y aperitivos. Durante la edici\u00f3n conmemorativa de la feria Alimentaria, los productos alimenticios polacos ocuparon un lugar destacado, lo que aumentar\u00e1 su visibilidad ante posibles distribuidores y comerciantes de Espa\u00f1a y otros pa\u00edses.<\/p>\n<p>La feria Alimentaria es uno de los eventos feriales m\u00e1s importantes del sector alimentario en Europa, celebrada cada dos a\u00f1os. En la edici\u00f3n anterior, celebrada en marzo de 2024, participaron alrededor de 3200 expositores de 68 pa\u00edses y la feria recibi\u00f3 un total de unos 108 000 visitantes procedentes de 120 pa\u00edses.<\/p>\n<p>Espa\u00f1a es el s\u00e9ptimo mayor destino de las exportaciones agroalimentarias polacas (por detr\u00e1s de Alemania, el Reino Unido, Francia, los Pa\u00edses Bajos, la Rep\u00fablica Checa e Italia). En 2025 el valor de las exportaciones agroalimentarias de Polonia a Espa\u00f1a ascendi\u00f3 a 1990 millones de euros, lo que supuso un aumento del 10 % con respecto a 2024.<\/p>\n<p>El a\u00f1o pasado Espa\u00f1a compr\u00f3 en Polonia principalmente:<br \/>\n&#8211; tabaco y productos del tabaco: 26 %,<br \/>\n&#8211; carne, despojos y productos de carne roja: 19 %,<br \/>\n&#8211; carne y despojos de aves de corral: 16 %,<br \/>\n&#8211; productos l\u00e1cteos: 5 %,<br \/>\n&#8211; preparados de cereales y harina: 5 %,<br \/>\n&#8211; granos de cereales: 4 %,<br \/>\n&#8211; productos para piensos: 4 %,<br \/>\n&#8211; productos de confiter\u00eda: 3%.<\/p>\n<p>&nbsp;<\/p>\n<p>Enlace al cat\u00e1logo de expositores participantes en Alimentaria 2026\u00a0 bajo el lema Poland tastes good:<\/p>\n<p><a href=\"https:\/\/www.polandtastesgood.pl\/en\/alimentaria-2026-catalogue-of-exhibitors\/\">Cat\u00e1logo de expositores polacos Alimentaria 2026 \u2013 EN<\/a><\/p>\n","protected":false},"excerpt":{"rendered":"<p>La feria Alimentaria, que se celebra cada dos a\u00f1os en Barcelona, es uno de los eventos feriales m\u00e1s grandes y prestigiosos del sector alimentario en Espa\u00f1a y en toda Europa&#8230;.<\/p>\n","protected":false},"author":9,"featured_media":35633,"comment_status":"closed","ping_status":"closed","sticky":false,"template":"","format":"standard","meta":{"_acf_changed":false,"footnotes":""},"categories":[163],"tags":[],"acf":[],"_links":{"self":[{"href":"https:\/\/www.polandtastesgood.pl\/es\/wp-json\/wp\/v2\/posts\/36812"}],"collection":[{"href":"https:\/\/www.polandtastesgood.pl\/es\/wp-json\/wp\/v2\/posts"}],"about":[{"href":"https:\/\/www.polandtastesgood.pl\/es\/wp-json\/wp\/v2\/types\/post"}],"author":[{"embeddable":true,"href":"https:\/\/www.polandtastesgood.pl\/es\/wp-json\/wp\/v2\/users\/9"}],"replies":[{"embeddable":true,"href":"https:\/\/www.polandtastesgood.pl\/es\/wp-json\/wp\/v2\/comments?post=36812"}],"version-history":[{"count":3,"href":"https:\/\/www.polandtastesgood.pl\/es\/wp-json\/wp\/v2\/posts\/36812\/revisions"}],"predecessor-version":[{"id":36816,"href":"https:\/\/www.polandtastesgood.pl\/es\/wp-json\/wp\/v2\/posts\/36812\/revisions\/36816"}],"wp:featuredmedia":[{"embeddable":true,"href":"https:\/\/www.polandtastesgood.pl\/es\/wp-json\/wp\/v2\/media\/35633"}],"wp:attachment":[{"href":"https:\/\/www.polandtastesgood.pl\/es\/wp-json\/wp\/v2\/media?parent=36812"}],"wp:term":[{"taxonomy":"category","embeddable":true,"href":"https:\/\/www.polandtastesgood.pl\/es\/wp-json\/wp\/v2\/categories?post=36812"},{"taxonomy":"post_tag","embeddable":true,"href":"https:\/\/www.polandtastesgood.pl\/es\/wp-json\/wp\/v2\/tags?post=36812"}],"curies":[{"name":"wp","href":"https:\/\/api.w.org\/{rel}","templated":true}]}}