{"id":8217,"date":"2023-08-28T07:25:15","date_gmt":"2023-08-28T05:25:15","guid":{"rendered":"https:\/\/www.polandtastesgood.pl\/aktuelles\/polnischer-nationalstand-auf-der-messe-vietfood-beverage-2023-in-ho-chi-minh-stadt-vietnam\/"},"modified":"2023-08-28T07:26:39","modified_gmt":"2023-08-28T05:26:39","slug":"polnischer-nationalstand-auf-der-messe-vietfood-beverage-2023-in-ho-chi-minh-stadt-vietnam","status":"publish","type":"post","link":"https:\/\/www.polandtastesgood.pl\/de\/aktuelles\/polnischer-nationalstand-auf-der-messe-vietfood-beverage-2023-in-ho-chi-minh-stadt-vietnam\/","title":{"rendered":"Polnischer Nationalstand auf der Messe Vietfood &#038; Beverage 2023 in Ho-Chi-Minh-Stadt, Vietnam"},"content":{"rendered":"<p>Vom 10. bis 12. August 2023 wurde in Ho-Chi-Minh-Stadt in Vietnam die 27. Auflage der Messe Vietfood &amp; Beverage, einer der f\u00fchrenden internationalen Lebensmittel- und Getr\u00e4nkemesse \u00a0in den ASEAN-L\u00e4ndern, veranstaltet.<\/p>\n<p>Gem\u00e4\u00df der vom Ministerium f\u00fcr Landwiirtschaft und l\u00e4ndliche Entwicklung festgelegten Strategie, richtete das Nationale Zentrum f\u00fcr die F\u00f6rderung der Landwirtschaft im Rahmen der Durchf\u00fchrung der Aktivit\u00e4ten, die polnische Agrar- und Lebensmittelprodukte auf ausl\u00e4ndischen M\u00e4rkten f\u00f6rdern, erneut den polnischen nationalen Stand unter dem Motto \u201ePolen schmeckt\u201c (\u201ePoland tastes good\u201c). Auf dem nationalen Messestand pr\u00e4sentierten diejenigen Firmen ihr Angebot, die breite Produktpalette, darunter u. a. Fleisch, Fische, insbesondere Lachs, S\u00fc\u00dfigkeiten und Vorspeisen, Alkohol sowie Milchprodukte in Pulverform anbieten.<\/p>\n<p>Im Rahmen der mit der Teilnahme an der Messe verbundenen T\u00e4tigkeiten organisierte das Nationale Zentrum f\u00fcr die F\u00f6rderung der Landwirtschaft, in Zusammenarbeit mit dem Au\u00dfenhandelsb\u00fcro der Polnischen Investitions- und Handelsagentur (ZBH PAIH) in Ho-Chi-Minh-Stadt, eine Handelsmission, w\u00e4hrend deren Dauer am 9. August es die Besuche und Gespr\u00e4che von polnischen Unternehmern in lokalen Einzelhandelsketten gab.<\/p>\n<p>Den polnischen nationalen Messestand hat Frau Justyna Pabian \u2013 Gesch\u00e4ftstr\u00e4gerin \u00a0a.i. der polnischen Botschaft \u2013 besucht.<\/p>\n<p>Die Messe Vietfood &amp; Beverage 2023 wurde als eine station\u00e4re Messe veranstaltet und dem polnischen nationalen Stand haben die Besucher ihr lebhaftes Interesse entgegengebracht. Die Teilnahme an der Messe bot eine hervorragende Gelegenheit, die Gesch\u00e4ftskontakte zu potentiellen Kontrahenten sowohl aus Vietnam als auch aus anderen L\u00e4ndern in dieser Region der Welt zu kn\u00fcpfen.<\/p>\n","protected":false},"excerpt":{"rendered":"<p>Vom 10. bis 12. August 2023 wurde in Ho-Chi-Minh-Stadt in Vietnam die 27. Auflage der Messe Vietfood &amp; Beverage, einer der f\u00fchrenden internationalen Lebensmittel- und Getr\u00e4nkemesse \u00a0in den ASEAN-L\u00e4ndern, veranstaltet&#8230;.<\/p>\n","protected":false},"author":10,"featured_media":8155,"comment_status":"open","ping_status":"open","sticky":false,"template":"","format":"standard","meta":{"_acf_changed":false,"footnotes":""},"categories":[161],"tags":[],"acf":[],"_links":{"self":[{"href":"https:\/\/www.polandtastesgood.pl\/de\/wp-json\/wp\/v2\/posts\/8217"}],"collection":[{"href":"https:\/\/www.polandtastesgood.pl\/de\/wp-json\/wp\/v2\/posts"}],"about":[{"href":"https:\/\/www.polandtastesgood.pl\/de\/wp-json\/wp\/v2\/types\/post"}],"author":[{"embeddable":true,"href":"https:\/\/www.polandtastesgood.pl\/de\/wp-json\/wp\/v2\/users\/10"}],"replies":[{"embeddable":true,"href":"https:\/\/www.polandtastesgood.pl\/de\/wp-json\/wp\/v2\/comments?post=8217"}],"version-history":[{"count":1,"href":"https:\/\/www.polandtastesgood.pl\/de\/wp-json\/wp\/v2\/posts\/8217\/revisions"}],"predecessor-version":[{"id":8218,"href":"https:\/\/www.polandtastesgood.pl\/de\/wp-json\/wp\/v2\/posts\/8217\/revisions\/8218"}],"wp:featuredmedia":[{"embeddable":true,"href":"https:\/\/www.polandtastesgood.pl\/de\/wp-json\/wp\/v2\/media\/8155"}],"wp:attachment":[{"href":"https:\/\/www.polandtastesgood.pl\/de\/wp-json\/wp\/v2\/media?parent=8217"}],"wp:term":[{"taxonomy":"category","embeddable":true,"href":"https:\/\/www.polandtastesgood.pl\/de\/wp-json\/wp\/v2\/categories?post=8217"},{"taxonomy":"post_tag","embeddable":true,"href":"https:\/\/www.polandtastesgood.pl\/de\/wp-json\/wp\/v2\/tags?post=8217"}],"curies":[{"name":"wp","href":"https:\/\/api.w.org\/{rel}","templated":true}]}}