{"id":36809,"date":"2026-04-27T11:57:07","date_gmt":"2026-04-27T09:57:07","guid":{"rendered":"https:\/\/www.polandtastesgood.pl\/aktuelles\/polen-ist-partnerland-auf-der-messe-alimentaria-2026-in-barcelona\/"},"modified":"2026-04-27T12:01:58","modified_gmt":"2026-04-27T10:01:58","slug":"polen-ist-partnerland-auf-der-messe-alimentaria-2026-in-barcelona","status":"publish","type":"post","link":"https:\/\/www.polandtastesgood.pl\/de\/aktuelles\/polen-ist-partnerland-auf-der-messe-alimentaria-2026-in-barcelona\/","title":{"rendered":"Polen ist Partnerland auf der Messe Alimentaria 2026 in Barcelona"},"content":{"rendered":"<p>Die alle zwei Jahre veranstaltete Lebensmittelmesse Alimentaria in Barcelona ist eine der gr\u00f6\u00dften und renommiertesten Messen der Lebensmittelbranche in Spanien und ganz Europa. Bei der vom 23. bis 26. M\u00e4rz 2026 stattfindenden 50. Jubil\u00e4umsausgabe war Polen das Partnerland. Die KOWR hat in Barcelona einen gro\u00dfen und auff\u00e4lligen nationalen Stand organisiert.<\/p>\n<p>An der Messe nahmen 94 polnische Aussteller teil, von denen sich 29 Unternehmen am nationalen Stand pr\u00e4sentierten und u.a. Rindfleisch, Schweinefleisch, Gefl\u00fcgelfleisch und Fleischwaren, Fischprodukte, Milchprodukte, Schokoladenwaren und S\u00fc\u00dfigkeiten, Produkte aus Szyd\u0142owska-Pflaumen,\u00a0 glutenfreie Produkte, salzige und s\u00fc\u00dfe Snacks, getrocknetes Gem\u00fcse und Kr\u00e4uter, Getreidewaffeln, Fr\u00fchst\u00fccksprodukte, \u00d6le, Essige sowie Fertiggerichte bewarben. Die Werbeaktivit\u00e4ten der Unternehmer und der KOWR wurden w\u00e4hrend der vier Messetage von polnischen K\u00f6chen unterst\u00fctzt, die den Besuchern des nationalen Standes im Rahmen von Kochvorf\u00fchrungen typische Aromen und Gerichte der polnischen K\u00fcche n\u00e4herbrachten.<\/p>\n<p>Die feierliche Er\u00f6ffnungszeremonie der Messe am 23. M\u00e4rz dieses Jahres wurde von Seiner Majest\u00e4t K\u00f6nig Felipe VI. von Spanien und dem spanischen Minister f\u00fcr Landwirtschaft, Ern\u00e4hrung und Fischerei, Luis Planas, geleitet. Im Rahmen einer VIP-F\u00fchrung besuchte K\u00f6nig Felipe VI. auch den polnischen Nationalstand, wo er von Adam Nowak \u2013 Unterstaatssekret\u00e4r im Ministerium f\u00fcr Landwirtschaft und l\u00e4ndliche Entwicklung \u2013, Henryk Smolarz \u2013 Generaldirektor der KOWR \u2013 und Monika Krzepkowska \u2013 Gesch\u00e4ftstr\u00e4gerin der polnischen Botschaft in Madrid \u2013 empfangen wurde.<\/p>\n<p>W\u00e4hrend der diesj\u00e4hrigen Alimentaria in Barcelona hatte Polen dank seines Status als Partnerland die einmalige Gelegenheit, seine Lebensmittel und kulinarische Kultur auf einer der bedeutendsten Messen der Lebensmittelbranche in Europa umfassend zu pr\u00e4sentieren. Neben dem von der KOWR organisierten nationalen Stand konnten sich die Messebesucher mit dem polnischen Lebensmittelangebot an den St\u00e4nden des Verbandes der Metzger und Wurstwarenhersteller, des Nationalen Rates der Gefl\u00fcgelz\u00fcchter, der Woiwodschaft \u0141\u00f3d\u017a und der Woiwodschaft \u015awi\u0119tokrzyskie sowie der Polnischen Nationalstiftung vertraut machen.<\/p>\n<p>Polnische Produkte waren zudem in der eigens eingerichteten Verkostungszone \u201eBuyer\u2019s Lounge\u201c vertreten, wo wir Milchprodukte sowie S\u00fc\u00dfigkeiten und Snacks pr\u00e4sentierten. Bei der Jubil\u00e4umsausgabe der Messe Alimentaria waren polnische Lebensmittel besonders stark hervorgehoben, was ihre Sichtbarkeit f\u00fcr potenzielle H\u00e4ndler und Eink\u00e4ufer aus Spanien und anderen L\u00e4ndern erh\u00f6hen wird.<\/p>\n<p>Die Alimentaria ist eine der wichtigsten Messen der Lebensmittelbranche in Europa und findet alle zwei Jahre statt. An der letzten Ausgabe, die im M\u00e4rz 2024 stattfand, nahmen rund 3.200 Aussteller aus 68 L\u00e4ndern teil, insgesamt besuchten rund 108.000 Menschen aus 120 L\u00e4ndern die Messe.<\/p>\n<p>Spanien ist der siebtgr\u00f6\u00dfte Abnehmer polnischer Agrar- und Lebensmittelexporte (nach Deutschland, Gro\u00dfbritannien, Frankreich, den Niederlanden, Tschechien und Italien).\u00a0 Im Jahr 2025 belief sich der Wert der Agrar- und Lebensmittelexporte aus Polen nach Spanien auf 1,99 Milliarden Euro und lag damit um 10 % h\u00f6her als im Jahr 2024.<\/p>\n<p>Im vergangenen Jahr kauften Spanier am h\u00e4ufigsten in Polen:<br \/>\n&#8211; Tabak und Tabakerzeugnisse: 26%,<br \/>\n&#8211; Fleisch, Innereien und Erzeugnisse aus rotem Fleisch: 19%,<br \/>\n&#8211; Fleisch und Innereien von Gefl\u00fcgel: 16%,<br \/>\n&#8211; Milchprodukte: 5%,<br \/>\n&#8211; Getreide- und Mehlprodukte: 5%,<br \/>\n&#8211; Getreidek\u00f6rner: 4%,<br \/>\n&#8211; Futtermittel: 4%,<br \/>\n&#8211; S\u00fc\u00dfwaren: 3 %.<\/p>\n<p>&nbsp;<\/p>\n<p>Link zum Katalog der Aussteller, die unter dem Schild \u201ePoland tastes good\u201c an der Alimentaria 2026 teilnehmen:<\/p>\n<p><a href=\"https:\/\/www.polandtastesgood.pl\/en\/alimentaria-2026-catalogue-of-exhibitors\/\">Katalog der polnischen Aussteller der Alimentaria 2026 \u2013 EN<\/a><\/p>\n","protected":false},"excerpt":{"rendered":"<p>Die alle zwei Jahre veranstaltete Lebensmittelmesse Alimentaria in Barcelona ist eine der gr\u00f6\u00dften und renommiertesten Messen der Lebensmittelbranche in Spanien und ganz Europa. Bei der vom 23. bis 26. M\u00e4rz&#8230;<\/p>\n","protected":false},"author":9,"featured_media":35631,"comment_status":"closed","ping_status":"closed","sticky":false,"template":"","format":"standard","meta":{"_acf_changed":false,"footnotes":""},"categories":[161],"tags":[],"acf":[],"_links":{"self":[{"href":"https:\/\/www.polandtastesgood.pl\/de\/wp-json\/wp\/v2\/posts\/36809"}],"collection":[{"href":"https:\/\/www.polandtastesgood.pl\/de\/wp-json\/wp\/v2\/posts"}],"about":[{"href":"https:\/\/www.polandtastesgood.pl\/de\/wp-json\/wp\/v2\/types\/post"}],"author":[{"embeddable":true,"href":"https:\/\/www.polandtastesgood.pl\/de\/wp-json\/wp\/v2\/users\/9"}],"replies":[{"embeddable":true,"href":"https:\/\/www.polandtastesgood.pl\/de\/wp-json\/wp\/v2\/comments?post=36809"}],"version-history":[{"count":2,"href":"https:\/\/www.polandtastesgood.pl\/de\/wp-json\/wp\/v2\/posts\/36809\/revisions"}],"predecessor-version":[{"id":36811,"href":"https:\/\/www.polandtastesgood.pl\/de\/wp-json\/wp\/v2\/posts\/36809\/revisions\/36811"}],"wp:featuredmedia":[{"embeddable":true,"href":"https:\/\/www.polandtastesgood.pl\/de\/wp-json\/wp\/v2\/media\/35631"}],"wp:attachment":[{"href":"https:\/\/www.polandtastesgood.pl\/de\/wp-json\/wp\/v2\/media?parent=36809"}],"wp:term":[{"taxonomy":"category","embeddable":true,"href":"https:\/\/www.polandtastesgood.pl\/de\/wp-json\/wp\/v2\/categories?post=36809"},{"taxonomy":"post_tag","embeddable":true,"href":"https:\/\/www.polandtastesgood.pl\/de\/wp-json\/wp\/v2\/tags?post=36809"}],"curies":[{"name":"wp","href":"https:\/\/api.w.org\/{rel}","templated":true}]}}